{"id":27337,"date":"2024-06-08T09:29:05","date_gmt":"2024-06-08T15:29:05","guid":{"rendered":"https:\/\/gerardoduque.com.mx\/?p=27337"},"modified":"2024-06-08T09:29:09","modified_gmt":"2024-06-08T15:29:09","slug":"avanza-reconstruccion-de-camino-en-tamasopo","status":"publish","type":"post","link":"https:\/\/gerardoduque.com.mx\/?p=27337","title":{"rendered":"AVANZA RECONSTRUCCI\u00d3N DE CAMINO EN TAMASOPO"},"content":{"rendered":"\n<p>La Junta Estatal de Caminos registra un importante avance en la reconstrucci\u00f3n del camino Entronque Carretero de los Cuates-Abras de Corozo-Tambaca, en Tamasopo, con lo que se beneficiar\u00e1 a m\u00e1s de ocho localidades de la regi\u00f3n donde habitan m\u00e1s de cinco mil personas, adem\u00e1s de los miles de visitantes que acuden a disfrutar de los atractivos tur\u00edsticos que ofrece este municipio.<\/p>\n\n\n\n<p>Para la rehabilitaci\u00f3n de esta v\u00eda de comunicaci\u00f3n de ocho kil\u00f3metros de longitud, se ha destinado una inversi\u00f3n p\u00fablica de 33 millones de pesos, que incluir\u00e1 base hidr\u00e1ulica y carpeta asf\u00e1ltica, limpieza de alcantarillas y cunetas, instalaci\u00f3n de se\u00f1alamiento y pintura.<\/p>\n\n\n\n<p>Estos trabajos, impactan directamente en la mejora de la calidad de vida de las personas, al brindar recorridos m\u00e1s \u00e1giles y seguros, adem\u00e1s de que fortalece el desarrollo de las comunidades de la regi\u00f3n al fortalecer el turismo.<\/p>\n","protected":false},"excerpt":{"rendered":"<p>La obra es de gran importancia tur\u00edstica y regional al conectar la carretera libre Valles-Rioverde con Tambaca<\/p>\n","protected":false},"author":4,"featured_media":27338,"comment_status":"closed","ping_status":"closed","sticky":false,"template":"","format":"standard","meta":{"_et_pb_use_builder":"off","_et_pb_old_content":"","_et_gb_content_width":"","footnotes":""},"categories":[412,280],"tags":[72,66],"class_list":["post-27337","post","type-post","status-publish","format-standard","has-post-thumbnail","hentry","category-destacado","category-gob-slp","tag-gobierno-del-estado","tag-san-luis-potosi"],"_links":{"self":[{"href":"https:\/\/gerardoduque.com.mx\/index.php?rest_route=\/wp\/v2\/posts\/27337","targetHints":{"allow":["GET"]}}],"collection":[{"href":"https:\/\/gerardoduque.com.mx\/index.php?rest_route=\/wp\/v2\/posts"}],"about":[{"href":"https:\/\/gerardoduque.com.mx\/index.php?rest_route=\/wp\/v2\/types\/post"}],"author":[{"embeddable":true,"href":"https:\/\/gerardoduque.com.mx\/index.php?rest_route=\/wp\/v2\/users\/4"}],"replies":[{"embeddable":true,"href":"https:\/\/gerardoduque.com.mx\/index.php?rest_route=%2Fwp%2Fv2%2Fcomments&post=27337"}],"version-history":[{"count":0,"href":"https:\/\/gerardoduque.com.mx\/index.php?rest_route=\/wp\/v2\/posts\/27337\/revisions"}],"wp:featuredmedia":[{"embeddable":true,"href":"https:\/\/gerardoduque.com.mx\/index.php?rest_route=\/wp\/v2\/media\/27338"}],"wp:attachment":[{"href":"https:\/\/gerardoduque.com.mx\/index.php?rest_route=%2Fwp%2Fv2%2Fmedia&parent=27337"}],"wp:term":[{"taxonomy":"category","embeddable":true,"href":"https:\/\/gerardoduque.com.mx\/index.php?rest_route=%2Fwp%2Fv2%2Fcategories&post=27337"},{"taxonomy":"post_tag","embeddable":true,"href":"https:\/\/gerardoduque.com.mx\/index.php?rest_route=%2Fwp%2Fv2%2Ftags&post=27337"}],"curies":[{"name":"wp","href":"https:\/\/api.w.org\/{rel}","templated":true}]}}