{"id":27313,"date":"2024-06-07T09:55:21","date_gmt":"2024-06-07T15:55:21","guid":{"rendered":"https:\/\/gerardoduque.com.mx\/?p=27313"},"modified":"2024-06-07T09:55:25","modified_gmt":"2024-06-07T15:55:25","slug":"continua-combate-a-incendios-forestales-en-el-estado","status":"publish","type":"post","link":"https:\/\/gerardoduque.com.mx\/?p=27313","title":{"rendered":"CONTIN\u00daA COMBATE A INCENDIOS FORESTALES EN EL ESTADO"},"content":{"rendered":"\n<p>El Gobierno del Estado, autoridades federales y municipales, y los brigadistas comunitarios y voluntarios, contin\u00faan el combate de cuatro incendios forestales con la ayuda de una aeronave, en San Ciro de Acosta, El Naranjo y Tamasopo, adem\u00e1s de que lograron controlar un evento m\u00e1s en el ejido El Sabinito, a cinco kil\u00f3metros del paraje \u201cLos Peroles\u201d en la regi\u00f3n Media, que dej\u00f3 afectaciones en 20 hect\u00e1reas de pastizales, mezquites, juncos y \u00e1rboles de hoja ancha.<\/p>\n\n\n\n<p>La Coordinaci\u00f3n Estatal de Protecci\u00f3n Civil, en conjunto con dependencias de los tres niveles de Gobierno, se mantienen al pendiente y se act\u00faa de manera r\u00e1pida, tras destacar que la temporada cr\u00edtica de incendios forestales culmina en el 30 de junio.<\/p>\n\n\n\n<p>Detall\u00f3 que los incendios activos se registran en San Ciro de Acosta, en la comunidad La Tinaja, donde actualmente se realizan descargas de agua con el helic\u00f3ptero del Gobierno del Estado, en El Platanal, del mismo municipio, adem\u00e1s de dos m\u00e1s en los municipios de El Naranjo y Tamasopo.<\/p>\n\n\n\n<p>En el incendio de la regi\u00f3n Media, personal de la Secretar\u00eda de Desarrollo Agropecuario y Recursos Hidr\u00e1ulicos, encabezada por el director de Agricultura, Gabriel P\u00e9rez Garc\u00eda, acudieron al lugar del siniestro de manera inmediata para participar en los trabajos de combate, junto a las autoridades rurales, el Juez Auxiliar y Presidente del Comisariado Ejidal, brigadistas de la Comisi\u00f3n Nacional Forestal, personas voluntarias y elementos de Protecci\u00f3n Civil municipal con apoyo de una m\u00e1quina retroexcavadora.<\/p>\n\n\n\n<p>Luego de su liquidaci\u00f3n, y evaluaci\u00f3n en la zona afectada, el personal de la Sedarh ofreci\u00f3 materiales y especies vegetales end\u00e9micas para la reforestaci\u00f3n del terreno en cuanto el clima lo permita.<\/p>\n","protected":false},"excerpt":{"rendered":"<p>Actualmente se realizan trabajos en cuatro incendios activos, mientras que brigadistas lograron el control de uno m\u00e1s en el ejido El Sabinito de la regi\u00f3n Media<\/p>\n","protected":false},"author":4,"featured_media":27314,"comment_status":"closed","ping_status":"closed","sticky":false,"template":"","format":"standard","meta":{"_et_pb_use_builder":"off","_et_pb_old_content":"","_et_gb_content_width":"","footnotes":""},"categories":[412,280],"tags":[72,66],"class_list":["post-27313","post","type-post","status-publish","format-standard","has-post-thumbnail","hentry","category-destacado","category-gob-slp","tag-gobierno-del-estado","tag-san-luis-potosi"],"_links":{"self":[{"href":"https:\/\/gerardoduque.com.mx\/index.php?rest_route=\/wp\/v2\/posts\/27313","targetHints":{"allow":["GET"]}}],"collection":[{"href":"https:\/\/gerardoduque.com.mx\/index.php?rest_route=\/wp\/v2\/posts"}],"about":[{"href":"https:\/\/gerardoduque.com.mx\/index.php?rest_route=\/wp\/v2\/types\/post"}],"author":[{"embeddable":true,"href":"https:\/\/gerardoduque.com.mx\/index.php?rest_route=\/wp\/v2\/users\/4"}],"replies":[{"embeddable":true,"href":"https:\/\/gerardoduque.com.mx\/index.php?rest_route=%2Fwp%2Fv2%2Fcomments&post=27313"}],"version-history":[{"count":0,"href":"https:\/\/gerardoduque.com.mx\/index.php?rest_route=\/wp\/v2\/posts\/27313\/revisions"}],"wp:featuredmedia":[{"embeddable":true,"href":"https:\/\/gerardoduque.com.mx\/index.php?rest_route=\/wp\/v2\/media\/27314"}],"wp:attachment":[{"href":"https:\/\/gerardoduque.com.mx\/index.php?rest_route=%2Fwp%2Fv2%2Fmedia&parent=27313"}],"wp:term":[{"taxonomy":"category","embeddable":true,"href":"https:\/\/gerardoduque.com.mx\/index.php?rest_route=%2Fwp%2Fv2%2Fcategories&post=27313"},{"taxonomy":"post_tag","embeddable":true,"href":"https:\/\/gerardoduque.com.mx\/index.php?rest_route=%2Fwp%2Fv2%2Ftags&post=27313"}],"curies":[{"name":"wp","href":"https:\/\/api.w.org\/{rel}","templated":true}]}}