{"id":27287,"date":"2024-06-05T23:49:19","date_gmt":"2024-06-06T05:49:19","guid":{"rendered":"https:\/\/gerardoduque.com.mx\/?p=27287"},"modified":"2024-06-05T23:49:23","modified_gmt":"2024-06-06T05:49:23","slug":"persecucion-y-balacera-deja-un-lesionado-tras-secuestro-en-tamuin","status":"publish","type":"post","link":"https:\/\/gerardoduque.com.mx\/?p=27287","title":{"rendered":"PERSECUCI\u00d3N Y BALACERA DEJA UN LESIONADO TRAS SECUESTRO EN TAMU\u00cdN"},"content":{"rendered":"\n<p>Un fuerte operativo de la SEDENA y de la Guardia Civil Estatal se prolong\u00f3 hasta pasadas las ocho de la noche de este mi\u00e9rcoles.<\/p>\n\n\n\n<p>El tr\u00e1nsito vehicular en la salida hacia la carretera libre a Tampico estuvo bloqueado por m\u00e1s de dos horas, luego de registrarse la persecuci\u00f3n de sujetos armados que hab\u00edan privado de la libertad a un joven en el municipio de Tamu\u00edn.<\/p>\n\n\n\n<p>Tras el llamado de alerta las fuerzas de seguridad iniciaron la persecuci\u00f3n de una camioneta color gris en la cual se desplazaban los plagiarios con la v\u00edctima.<\/p>\n\n\n\n<p>La persecuci\u00f3n se dio sobre la carretera libre que conduce a Valles, donde los delincuentes arrojaron \u201cponchallantas\u201d.<\/p>\n\n\n\n<p>Antes de llegar al acceso de la ciudad -entre el ejido San Felipe y la planta CEMEX- el tripulante del veh\u00edculo donde iban los secuestradores perdi\u00f3 el control y termin\u00f3 volcando hacia fuera del camino.<\/p>\n\n\n\n<p>En la unidad tipo SUV se apreciaban impactos de bala.<\/p>\n\n\n\n<p>En el lugar se rescat\u00f3 a la v\u00edctima que iba maniatado, y solamente se logr\u00f3 la detenci\u00f3n de uno de los delincuentes quien result\u00f3 lesionado en la cabeza a causa del percance.<\/p>\n\n\n\n<p>A trav\u00e9s de un bolet\u00edn de prensa la GCE inform\u00f3 que en estos hechos tambi\u00e9n se logr\u00f3 incautar diversas armas de fuego.<\/p>\n\n\n\n<p>Por casi tres horas, decenas de veh\u00edculos particulares, autobuses de pasajeros y transporte de carga estuvo inmovilizado a inmediaciones del lugar.<\/p>\n","protected":false},"excerpt":{"rendered":"<p>S\u00f3lo fue detenido uno de los plagiarios <\/p>\n","protected":false},"author":4,"featured_media":27288,"comment_status":"closed","ping_status":"closed","sticky":false,"template":"","format":"standard","meta":{"_et_pb_use_builder":"off","_et_pb_old_content":"","_et_gb_content_width":"","footnotes":""},"categories":[412,62],"tags":[],"class_list":["post-27287","post","type-post","status-publish","format-standard","has-post-thumbnail","hentry","category-destacado","category-redaccion"],"_links":{"self":[{"href":"https:\/\/gerardoduque.com.mx\/index.php?rest_route=\/wp\/v2\/posts\/27287","targetHints":{"allow":["GET"]}}],"collection":[{"href":"https:\/\/gerardoduque.com.mx\/index.php?rest_route=\/wp\/v2\/posts"}],"about":[{"href":"https:\/\/gerardoduque.com.mx\/index.php?rest_route=\/wp\/v2\/types\/post"}],"author":[{"embeddable":true,"href":"https:\/\/gerardoduque.com.mx\/index.php?rest_route=\/wp\/v2\/users\/4"}],"replies":[{"embeddable":true,"href":"https:\/\/gerardoduque.com.mx\/index.php?rest_route=%2Fwp%2Fv2%2Fcomments&post=27287"}],"version-history":[{"count":0,"href":"https:\/\/gerardoduque.com.mx\/index.php?rest_route=\/wp\/v2\/posts\/27287\/revisions"}],"wp:featuredmedia":[{"embeddable":true,"href":"https:\/\/gerardoduque.com.mx\/index.php?rest_route=\/wp\/v2\/media\/27288"}],"wp:attachment":[{"href":"https:\/\/gerardoduque.com.mx\/index.php?rest_route=%2Fwp%2Fv2%2Fmedia&parent=27287"}],"wp:term":[{"taxonomy":"category","embeddable":true,"href":"https:\/\/gerardoduque.com.mx\/index.php?rest_route=%2Fwp%2Fv2%2Fcategories&post=27287"},{"taxonomy":"post_tag","embeddable":true,"href":"https:\/\/gerardoduque.com.mx\/index.php?rest_route=%2Fwp%2Fv2%2Ftags&post=27287"}],"curies":[{"name":"wp","href":"https:\/\/api.w.org\/{rel}","templated":true}]}}