{"id":27282,"date":"2024-06-05T18:07:08","date_gmt":"2024-06-06T00:07:08","guid":{"rendered":"https:\/\/gerardoduque.com.mx\/?p=27282"},"modified":"2024-06-05T18:07:13","modified_gmt":"2024-06-06T00:07:13","slug":"sin-incidencias-en-atencion-a-periodistas-y-defensores-de-derechos-humanos-en-elecciones","status":"publish","type":"post","link":"https:\/\/gerardoduque.com.mx\/?p=27282","title":{"rendered":"SIN INCIDENCIAS EN ATENCI\u00d3N A PERIODISTAS Y DEFENSORES DE DERECHOS HUMANOS EN ELECCIONES"},"content":{"rendered":"\n<p>El Mecanismo de Protecci\u00f3n a personas defensoras de derechos humanos y periodistas estuvo atento a reportes sobre posibles incidentes en el ejercicio de su labor durante el proceso electoral del 2 de junio, mediante un n\u00famero de atenci\u00f3n telef\u00f3nica que se puso en operaci\u00f3n, en el que no se registr\u00f3 ninguna solicitud. <\/p>\n\n\n\n<p>De acuerdo con la dependencia, la instrucci\u00f3n fue facilitar los reportes para ser atendidos de manera pronta y oportuna en caso de ser necesario, el Mecanismo Estatal de Protecci\u00f3n a Personas Defensoras de Derechos Humanos y Periodistas, por lo que con el respaldo del titular de la Secretar\u00eda General de Gobierno (SGG) J. Guadalupe Torres S\u00e1nchez, estableci\u00f3 un enlace de coordinaci\u00f3n en el n\u00famero 444-667-08-16, conforme a la legislaci\u00f3n en la materia.<\/p>\n\n\n\n<p>Con antelaci\u00f3n a la jornada electoral, el Mecanismo realiz\u00f3 un pronunciamiento para exhortar a las y los actores pol\u00edticos, as\u00ed como la ciudadan\u00eda a respetar en todo momento el trabajo de las personas defensoras y periodistas durante los comicios, y garantizar el ejercicio de la libertad de expresi\u00f3n durante el proceso democr\u00e1tico.<\/p>\n\n\n\n<p>Durante la jornada electoral en el Estado no se report\u00f3 incidentes graves relacionados con el ejercicio y cobertura por parte de los representantes de los medios de comunicaci\u00f3n, se logr\u00f3 garantizar que puedan ejercer sus actividades con plena libertad y seguridad, tras resaltar que se continuar\u00e1n las acciones positivas encaminadas a proteger su importante labor.<\/p>\n","protected":false},"excerpt":{"rendered":"<p>Se puso a disposici\u00f3n un n\u00famero de atenci\u00f3n telef\u00f3nica en el que no se registr\u00f3 ninguna solicitud.<\/p>\n","protected":false},"author":4,"featured_media":27283,"comment_status":"closed","ping_status":"closed","sticky":false,"template":"","format":"standard","meta":{"_et_pb_use_builder":"off","_et_pb_old_content":"","_et_gb_content_width":"","footnotes":""},"categories":[412,280],"tags":[72,66],"class_list":["post-27282","post","type-post","status-publish","format-standard","has-post-thumbnail","hentry","category-destacado","category-gob-slp","tag-gobierno-del-estado","tag-san-luis-potosi"],"_links":{"self":[{"href":"https:\/\/gerardoduque.com.mx\/index.php?rest_route=\/wp\/v2\/posts\/27282","targetHints":{"allow":["GET"]}}],"collection":[{"href":"https:\/\/gerardoduque.com.mx\/index.php?rest_route=\/wp\/v2\/posts"}],"about":[{"href":"https:\/\/gerardoduque.com.mx\/index.php?rest_route=\/wp\/v2\/types\/post"}],"author":[{"embeddable":true,"href":"https:\/\/gerardoduque.com.mx\/index.php?rest_route=\/wp\/v2\/users\/4"}],"replies":[{"embeddable":true,"href":"https:\/\/gerardoduque.com.mx\/index.php?rest_route=%2Fwp%2Fv2%2Fcomments&post=27282"}],"version-history":[{"count":0,"href":"https:\/\/gerardoduque.com.mx\/index.php?rest_route=\/wp\/v2\/posts\/27282\/revisions"}],"wp:featuredmedia":[{"embeddable":true,"href":"https:\/\/gerardoduque.com.mx\/index.php?rest_route=\/wp\/v2\/media\/27283"}],"wp:attachment":[{"href":"https:\/\/gerardoduque.com.mx\/index.php?rest_route=%2Fwp%2Fv2%2Fmedia&parent=27282"}],"wp:term":[{"taxonomy":"category","embeddable":true,"href":"https:\/\/gerardoduque.com.mx\/index.php?rest_route=%2Fwp%2Fv2%2Fcategories&post=27282"},{"taxonomy":"post_tag","embeddable":true,"href":"https:\/\/gerardoduque.com.mx\/index.php?rest_route=%2Fwp%2Fv2%2Ftags&post=27282"}],"curies":[{"name":"wp","href":"https:\/\/api.w.org\/{rel}","templated":true}]}}