{"id":27271,"date":"2024-06-05T06:55:20","date_gmt":"2024-06-05T12:55:20","guid":{"rendered":"https:\/\/gerardoduque.com.mx\/?p=27271"},"modified":"2024-06-05T06:55:24","modified_gmt":"2024-06-05T12:55:24","slug":"fueron-suspendidos-seis-establecimientos-durante-ley-seca","status":"publish","type":"post","link":"https:\/\/gerardoduque.com.mx\/?p=27271","title":{"rendered":"FUERON SUSPENDIDOS SEIS ESTABLECIMIENTOS DURANTE \u201cLEY SECA\u201d"},"content":{"rendered":"\n<p>La Direcci\u00f3n General de Gobernaci\u00f3n report\u00f3 una jornada tranquila durante la aplicaci\u00f3n de la \u201cLey Seca\u201d por el proceso electoral del pasado 2 de junio, con operativos en las cuatro regiones que resultaron en la suspensi\u00f3n de seis establecimientos que violaron la prohibici\u00f3n de venta de bebidas alcoh\u00f3licas, uno en la Huasteca y cinco en la capital potosina.<\/p>\n\n\n\n<p>La dependencia implement\u00f3 vigilancia y supervisi\u00f3n en tres turnos durante los d\u00edas s\u00e1bado primero y domingo 2 de junio, con el objetivo de colaborar a mantener un ambiente de paz y tranquilidad durante la jornada electoral.<\/p>\n\n\n\n<p>Las sanciones se presentaron contra un restaurante, un club deportivo y cuatro dep\u00f3sitos de cerveza, seis negocios en total a los que se les aplic\u00f3 la suspensi\u00f3n temporal de venta de bebidas alcoh\u00f3licas y una sanci\u00f3n que podr\u00eda llegar hasta las mil 200 Unidades de Medida y Actualizaci\u00f3n (UMA\u2019s).<\/p>\n\n\n\n<p>Se reconoci\u00f3 el civismo de la gran mayor\u00eda de los due\u00f1os y propietarios de negocios con venta de bebidas alcoh\u00f3licas que respetaron la ley y agradeci\u00f3 a la poblaci\u00f3n que se mantuvo vigilante del cumplimiento de esta disposici\u00f3n.<\/p>\n","protected":false},"excerpt":{"rendered":"<p>Adem\u00e1s de la suspensi\u00f3n, la Direcci\u00f3n General de Gobernaci\u00f3n emiti\u00f3 sanciones econ\u00f3micas por no respetar la Ley en el proceso electoral del 2 de junio<\/p>\n","protected":false},"author":4,"featured_media":27272,"comment_status":"closed","ping_status":"closed","sticky":false,"template":"","format":"standard","meta":{"_et_pb_use_builder":"off","_et_pb_old_content":"","_et_gb_content_width":"","footnotes":""},"categories":[412,280],"tags":[72,66],"class_list":["post-27271","post","type-post","status-publish","format-standard","has-post-thumbnail","hentry","category-destacado","category-gob-slp","tag-gobierno-del-estado","tag-san-luis-potosi"],"_links":{"self":[{"href":"https:\/\/gerardoduque.com.mx\/index.php?rest_route=\/wp\/v2\/posts\/27271","targetHints":{"allow":["GET"]}}],"collection":[{"href":"https:\/\/gerardoduque.com.mx\/index.php?rest_route=\/wp\/v2\/posts"}],"about":[{"href":"https:\/\/gerardoduque.com.mx\/index.php?rest_route=\/wp\/v2\/types\/post"}],"author":[{"embeddable":true,"href":"https:\/\/gerardoduque.com.mx\/index.php?rest_route=\/wp\/v2\/users\/4"}],"replies":[{"embeddable":true,"href":"https:\/\/gerardoduque.com.mx\/index.php?rest_route=%2Fwp%2Fv2%2Fcomments&post=27271"}],"version-history":[{"count":0,"href":"https:\/\/gerardoduque.com.mx\/index.php?rest_route=\/wp\/v2\/posts\/27271\/revisions"}],"wp:featuredmedia":[{"embeddable":true,"href":"https:\/\/gerardoduque.com.mx\/index.php?rest_route=\/wp\/v2\/media\/27272"}],"wp:attachment":[{"href":"https:\/\/gerardoduque.com.mx\/index.php?rest_route=%2Fwp%2Fv2%2Fmedia&parent=27271"}],"wp:term":[{"taxonomy":"category","embeddable":true,"href":"https:\/\/gerardoduque.com.mx\/index.php?rest_route=%2Fwp%2Fv2%2Fcategories&post=27271"},{"taxonomy":"post_tag","embeddable":true,"href":"https:\/\/gerardoduque.com.mx\/index.php?rest_route=%2Fwp%2Fv2%2Ftags&post=27271"}],"curies":[{"name":"wp","href":"https:\/\/api.w.org\/{rel}","templated":true}]}}