{"id":27268,"date":"2024-06-05T06:51:34","date_gmt":"2024-06-05T12:51:34","guid":{"rendered":"https:\/\/gerardoduque.com.mx\/?p=27268"},"modified":"2024-06-05T06:51:38","modified_gmt":"2024-06-05T12:51:38","slug":"extienden-campana-de-vacunacion-contra-sarampion-rubeola-y-poliomielitis","status":"publish","type":"post","link":"https:\/\/gerardoduque.com.mx\/?p=27268","title":{"rendered":"EXTIENDEN CAMPA\u00d1A DE VACUNACI\u00d3N CONTRA SARAMPI\u00d3N, RUB\u00c9OLA Y POLIOMIELITIS"},"content":{"rendered":"\n<p>Los Servicios de Salud anunciaron sobre la extensi\u00f3n hasta el 30 de junio, de la campa\u00f1a de vacunaci\u00f3n con prevenci\u00f3n de sarampi\u00f3n, rub\u00e9ola y poliomielitis, por lo que invit\u00f3 a madres, padres de familia y personas tutoras a iniciar o completar esquemas de vacunaci\u00f3n de sus hijas o hijos en los centros de atenci\u00f3n m\u00e9dica de todo el Estado, solo con presentar la Cartilla Nacional de Salud en los centros de salud de las cuatro regiones.<\/p>\n\n\n\n<p>La jefa del Departamento de Vacunolog\u00eda de los Servicios de Salud, Esmeralda Vanegas Santana, refiri\u00f3 que buscan aumentar al 95 por ciento la cobertura de vacunaci\u00f3n y disminuir riesgos, as\u00ed como evitar la reintroducci\u00f3n de enfermedades como el sarampi\u00f3n.<\/p>\n\n\n\n<p>La campa\u00f1a inici\u00f3 el primero de abril, por lo que registra un avance en la aplicaci\u00f3n de hexavalente del 79.9 por ciento; sarampi\u00f3n, 93.4 por ciento; del 17.1 por ciento en sarampi\u00f3n-rub\u00e9ola en los adolescentes.<\/p>\n\n\n\n<p>La dependencia inform\u00f3 que adem\u00e1s, se cuenta con biol\u00f3gicos contra poliomielitis, paperas, as\u00ed como aquellas que previenen de otras enfermedades infecciosas, como tuberculosis, rotavirus, Hepatitis B, Neumococo conjugado 13v, Neumoc\u00f3cica Polisac\u00e1rida 23v, que previene Neumon\u00edas, Difteria, Tosferina y T\u00e9tanos, y virus del papiloma, disponibles hasta el 30 de junio.<\/p>\n","protected":false},"excerpt":{"rendered":"<p>La campa\u00f1a inici\u00f3 el primero de abril y see extender\u00e1 hasta el 30 de junio.<\/p>\n","protected":false},"author":4,"featured_media":27269,"comment_status":"closed","ping_status":"closed","sticky":false,"template":"","format":"standard","meta":{"_et_pb_use_builder":"off","_et_pb_old_content":"","_et_gb_content_width":"","footnotes":""},"categories":[412,280],"tags":[72,66],"class_list":["post-27268","post","type-post","status-publish","format-standard","has-post-thumbnail","hentry","category-destacado","category-gob-slp","tag-gobierno-del-estado","tag-san-luis-potosi"],"_links":{"self":[{"href":"https:\/\/gerardoduque.com.mx\/index.php?rest_route=\/wp\/v2\/posts\/27268","targetHints":{"allow":["GET"]}}],"collection":[{"href":"https:\/\/gerardoduque.com.mx\/index.php?rest_route=\/wp\/v2\/posts"}],"about":[{"href":"https:\/\/gerardoduque.com.mx\/index.php?rest_route=\/wp\/v2\/types\/post"}],"author":[{"embeddable":true,"href":"https:\/\/gerardoduque.com.mx\/index.php?rest_route=\/wp\/v2\/users\/4"}],"replies":[{"embeddable":true,"href":"https:\/\/gerardoduque.com.mx\/index.php?rest_route=%2Fwp%2Fv2%2Fcomments&post=27268"}],"version-history":[{"count":0,"href":"https:\/\/gerardoduque.com.mx\/index.php?rest_route=\/wp\/v2\/posts\/27268\/revisions"}],"wp:featuredmedia":[{"embeddable":true,"href":"https:\/\/gerardoduque.com.mx\/index.php?rest_route=\/wp\/v2\/media\/27269"}],"wp:attachment":[{"href":"https:\/\/gerardoduque.com.mx\/index.php?rest_route=%2Fwp%2Fv2%2Fmedia&parent=27268"}],"wp:term":[{"taxonomy":"category","embeddable":true,"href":"https:\/\/gerardoduque.com.mx\/index.php?rest_route=%2Fwp%2Fv2%2Fcategories&post=27268"},{"taxonomy":"post_tag","embeddable":true,"href":"https:\/\/gerardoduque.com.mx\/index.php?rest_route=%2Fwp%2Fv2%2Ftags&post=27268"}],"curies":[{"name":"wp","href":"https:\/\/api.w.org\/{rel}","templated":true}]}}