{"id":27262,"date":"2024-06-05T06:43:08","date_gmt":"2024-06-05T12:43:08","guid":{"rendered":"https:\/\/gerardoduque.com.mx\/?p=27262"},"modified":"2024-06-05T06:43:12","modified_gmt":"2024-06-05T12:43:12","slug":"presentan-a-los-ganadores-del-nuevo-premio-estatal-de-periodismo-2024","status":"publish","type":"post","link":"https:\/\/gerardoduque.com.mx\/?p=27262","title":{"rendered":"PRESENTAN A LOS GANADORES DEL NUEVO PREMIO ESTATAL DE PERIODISMO 2024"},"content":{"rendered":"\n<p>El Comit\u00e9 Ciudadano del nuevo Premio Estatal de Periodismo y el Jurado Calificador de la edici\u00f3n 2024, presentaron a las y los ganadores de este certamen, que por primera vez incluy\u00f3 premios a los mejores trabajos de difusi\u00f3n de la Ciencia y Tecnolog\u00eda Potosina y de Equidad de G\u00e9nero y aument\u00f3 el est\u00edmulo econ\u00f3mico que se entregar\u00e1 a los tres primeros lugares de cada categor\u00eda.<\/p>\n\n\n\n<p>El Jurado calificador, integrado por las y los periodistas: Ana Luisa Mart\u00edn Rodr\u00edguez, Margarita Almaguer Vel\u00e1zquez, Eduardo Jos\u00e9 Alvarado Isunza, Juan Ram\u00f3n Ram\u00edrez Rodr\u00edguez y Francisco Acosta Mart\u00ednez, determin\u00f3 que los ganadores de los primeros lugares del Premio Estatal de Periodismo fueron:<\/p>\n\n\n\n<p>Noticia, Ana Guadalupe Silva Sald\u00edvar; Fotograf\u00eda, Andr\u00e9s Gonz\u00e1lez Lozano, de N+ \u201cNo se hace la obra\u201d, mientras que en Reportaje lo obtuvo Luis Bernardo Loera Ibarra, de El Tiempo del Altiplano, \u201cCr\u00edmenes H\u00eddricos del presidente Francisco Olgu\u00edn\u201d.<\/p>\n\n\n\n<p>En Cr\u00f3nica, Nancy Lizet Hern\u00e1ndez Rodr\u00edguez, de El Universal de San Luis Potos\u00ed, \u00abNos despertaron los balazos y nos tiramos al piso\u00bb, familia narra \u00abterror\u00bb durante balacera en Los Silos. Entrevista, Rodrigo Ramiro Ceballos, de Altervisi\u00f3n, \u201cPotosino psic\u00f3logo de grandes capos\u201d y Art\u00edculo de Fondo o Comentario, Jes\u00fas Navarrete Lezama, de Plano Informativo, \u201cEl homicidio como m\u00e9todo de soluci\u00f3n de conflictos\u201d.<\/p>\n\n\n\n<p>Caricatura o Portada, Omar Rovelo Gallardo, de Quadrat\u00edn, \u201cPara lo que le sirve\u201d; Publicaci\u00f3n o Programa de Difusi\u00f3n Cultural, Sandra Araceli Salazar Cano, de SM Hoy, \u201cCera escamada una artesan\u00eda en decadencia\u201d y Video, Mar\u00eda Fernanda Padilla Gil, de CN13 Noticias, \u201cAs\u00ed es trabajar entre muertitos.<\/p>\n\n\n\n<p>Audio, Blakely Morales Cruz, de MG Noticias, \u201cDestino La Jungla: El viaje hasta el penal de Xolol\u201d y Difusi\u00f3n de la Ciencia y Tecnolog\u00eda Potosina, premio que se entrega por primera vez, fue para David Gustavo Medrano, de Plano Informativo, \u201cCiencia, m\u00e1s f\u00e1cil de aprender de lo que la gente piensa\u201d.<\/p>\n\n\n\n<p>En la nueva categor\u00eda en Materia de Equidad de G\u00e9nero fue para Paola Jhoseline de la Rosa Velazco, de Plano Informativo, \u00abTs\u00falpadh \u00faxum: Mujeres Cient\u00edficas Ind\u00edgenas\u00bb y en Periodismo Regional para Rigoberto Gonz\u00e1lez Medina, de El Ma\u00f1ana de Valles, \u201cHospital general en terapia intensiva\u201d; mientras que en Cr\u00f3nica Deportiva para Mar\u00eda Fernanda Padilla y Luis Fernando Sustaita, de CN 13, \u201cElegancia, valent\u00eda y distinci\u00f3n: Escaramuzas una hermosa tradici\u00f3n\u201d.<\/p>\n\n\n\n<p>Finalmente, el premio al M\u00e9rito Period\u00edstico por Trayectoria o Profesionalismo Cotidiano fue para Francisco Portillo Quijano.<\/p>\n\n\n\n<p>La lista completa se puede consultar en https:\/\/www.facebook.com\/share\/p\/CzJYA64nwoypmkKQ\/?mibextid=WC7FNe; la ceremonia de entrega del nuevo Premio Estatal de Periodismo estar\u00e1 presidida por el Gobernador Constitucional del Estado, Jos\u00e9 Ricardo Gallardo Cardona, y se efectuar\u00e1 a las 10:30 horas del pr\u00f3ximo viernes 7 de junio, en el Teatro de la Paz.<\/p>\n","protected":false},"excerpt":{"rendered":"<p>La ceremonia de premiaci\u00f3n se realizar\u00e1 a las 10:30 horas del pr\u00f3ximo viernes 7 de junio, en el Teatro de la Paz <\/p>\n","protected":false},"author":4,"featured_media":27263,"comment_status":"closed","ping_status":"closed","sticky":false,"template":"","format":"standard","meta":{"_et_pb_use_builder":"off","_et_pb_old_content":"","_et_gb_content_width":"","footnotes":""},"categories":[412,280],"tags":[72,66],"class_list":["post-27262","post","type-post","status-publish","format-standard","has-post-thumbnail","hentry","category-destacado","category-gob-slp","tag-gobierno-del-estado","tag-san-luis-potosi"],"_links":{"self":[{"href":"https:\/\/gerardoduque.com.mx\/index.php?rest_route=\/wp\/v2\/posts\/27262","targetHints":{"allow":["GET"]}}],"collection":[{"href":"https:\/\/gerardoduque.com.mx\/index.php?rest_route=\/wp\/v2\/posts"}],"about":[{"href":"https:\/\/gerardoduque.com.mx\/index.php?rest_route=\/wp\/v2\/types\/post"}],"author":[{"embeddable":true,"href":"https:\/\/gerardoduque.com.mx\/index.php?rest_route=\/wp\/v2\/users\/4"}],"replies":[{"embeddable":true,"href":"https:\/\/gerardoduque.com.mx\/index.php?rest_route=%2Fwp%2Fv2%2Fcomments&post=27262"}],"version-history":[{"count":0,"href":"https:\/\/gerardoduque.com.mx\/index.php?rest_route=\/wp\/v2\/posts\/27262\/revisions"}],"wp:featuredmedia":[{"embeddable":true,"href":"https:\/\/gerardoduque.com.mx\/index.php?rest_route=\/wp\/v2\/media\/27263"}],"wp:attachment":[{"href":"https:\/\/gerardoduque.com.mx\/index.php?rest_route=%2Fwp%2Fv2%2Fmedia&parent=27262"}],"wp:term":[{"taxonomy":"category","embeddable":true,"href":"https:\/\/gerardoduque.com.mx\/index.php?rest_route=%2Fwp%2Fv2%2Fcategories&post=27262"},{"taxonomy":"post_tag","embeddable":true,"href":"https:\/\/gerardoduque.com.mx\/index.php?rest_route=%2Fwp%2Fv2%2Ftags&post=27262"}],"curies":[{"name":"wp","href":"https:\/\/api.w.org\/{rel}","templated":true}]}}