{"id":27256,"date":"2024-06-04T20:33:36","date_gmt":"2024-06-05T02:33:36","guid":{"rendered":"https:\/\/gerardoduque.com.mx\/?p=27256"},"modified":"2024-06-04T20:33:40","modified_gmt":"2024-06-05T02:33:40","slug":"mas-defunciones-asociadas-al-calor-en-valles","status":"publish","type":"post","link":"https:\/\/gerardoduque.com.mx\/?p=27256","title":{"rendered":"M\u00c1S DEFUNCIONES ASOCIADAS AL CALOR EN VALLES"},"content":{"rendered":"\n<p>Este martes la sensaci\u00f3n t\u00e9rmica en Ciudad Valles vuelve a oscilar alrededor de los 50\u00b0C.<\/p>\n\n\n\n<p>Entrevistado este mediod\u00eda, el titular de Protecci\u00f3n Civil municipal, Lino Alberto Guti\u00e9rrez Ramos, revel\u00f3 que en la coordinaci\u00f3n a su cargo: <strong><em>\u201cnosotros as\u00ed que hemos participado, nueve\u2026 desde 9 de mayo a ahorita, (la mayor\u00eda) personas adultas mayores en una calidad donde pues no tienen ni aire acondicionado ni tienen ventilador en su casa\u2026\u201d<\/em><\/strong>.<\/p>\n\n\n\n<p>En los nueve llamados de auxilio donde Protecci\u00f3n Civil municipal ha testimoniado el fallecimiento de las personas, hay que sumar las muertes registradas dentro de hospitales p\u00fablicos y privados, o aquellas emergencias fatales donde los respondientes han sido param\u00e9dicos de la Cruz Roja o elementos de la Comisi\u00f3n Nacional de Emergencias. <\/p>\n\n\n\n<p>Diariamente a las salas de Urgencias contin\u00faan arribando decenas de personas con s\u00edntomas asociados al agotamiento por calor, o con golpe de calor. Las v\u00edctimas son, tanto j\u00f3venes, como adultos y ancianos.<\/p>\n\n\n\n<p>En tanto, los Servicios Estatales de Salud no han brindado un recuento pormenorizado de las defunciones asociadas al calor en los veinte municipios de la huasteca potosina, durante las tres semanas recientes.<\/p>\n\n\n\n<p>A trav\u00e9s de boletines de prensa las autoridades han informado sobre la disponibilidad de puntos de hidrataci\u00f3n, pero durante recorridos en la v\u00eda p\u00fablica no se advierte la presencia de \u00e9stos.<\/p>\n","protected":false},"excerpt":{"rendered":"<p>Dentro de casas, hospitales y en la v\u00eda p\u00fablica <\/p>\n","protected":false},"author":4,"featured_media":27257,"comment_status":"closed","ping_status":"closed","sticky":false,"template":"","format":"standard","meta":{"_et_pb_use_builder":"off","_et_pb_old_content":"","_et_gb_content_width":"","footnotes":""},"categories":[412,62],"tags":[],"class_list":["post-27256","post","type-post","status-publish","format-standard","has-post-thumbnail","hentry","category-destacado","category-redaccion"],"_links":{"self":[{"href":"https:\/\/gerardoduque.com.mx\/index.php?rest_route=\/wp\/v2\/posts\/27256","targetHints":{"allow":["GET"]}}],"collection":[{"href":"https:\/\/gerardoduque.com.mx\/index.php?rest_route=\/wp\/v2\/posts"}],"about":[{"href":"https:\/\/gerardoduque.com.mx\/index.php?rest_route=\/wp\/v2\/types\/post"}],"author":[{"embeddable":true,"href":"https:\/\/gerardoduque.com.mx\/index.php?rest_route=\/wp\/v2\/users\/4"}],"replies":[{"embeddable":true,"href":"https:\/\/gerardoduque.com.mx\/index.php?rest_route=%2Fwp%2Fv2%2Fcomments&post=27256"}],"version-history":[{"count":0,"href":"https:\/\/gerardoduque.com.mx\/index.php?rest_route=\/wp\/v2\/posts\/27256\/revisions"}],"wp:featuredmedia":[{"embeddable":true,"href":"https:\/\/gerardoduque.com.mx\/index.php?rest_route=\/wp\/v2\/media\/27257"}],"wp:attachment":[{"href":"https:\/\/gerardoduque.com.mx\/index.php?rest_route=%2Fwp%2Fv2%2Fmedia&parent=27256"}],"wp:term":[{"taxonomy":"category","embeddable":true,"href":"https:\/\/gerardoduque.com.mx\/index.php?rest_route=%2Fwp%2Fv2%2Fcategories&post=27256"},{"taxonomy":"post_tag","embeddable":true,"href":"https:\/\/gerardoduque.com.mx\/index.php?rest_route=%2Fwp%2Fv2%2Ftags&post=27256"}],"curies":[{"name":"wp","href":"https:\/\/api.w.org\/{rel}","templated":true}]}}