{"id":27194,"date":"2024-06-01T10:58:04","date_gmt":"2024-06-01T16:58:04","guid":{"rendered":"https:\/\/gerardoduque.com.mx\/?p=27194"},"modified":"2024-06-01T10:58:08","modified_gmt":"2024-06-01T16:58:08","slug":"reiteran-llamado-a-fortalecer-medidas-por-altas-temperaturas-durante-elecciones","status":"publish","type":"post","link":"https:\/\/gerardoduque.com.mx\/?p=27194","title":{"rendered":"REITERAN LLAMADO A FORTALECER MEDIDAS POR ALTAS TEMPERATURAS DURANTE ELECCIONES"},"content":{"rendered":"\n<p>La Coordinaci\u00f3n Estatal de Protecci\u00f3n Civil llama a la poblaci\u00f3n para que fortalezca las medidas de prevenci\u00f3n ante la temporada de calor, ya que se pronostican temperaturas de hasta 45 grados cent\u00edgrados en algunas regiones el pr\u00f3ximo domingo 2 de junio d\u00eda de las elecciones.<\/p>\n\n\n\n<p>De acuerdo con el Servicio Meteorol\u00f3gico Nacional de la Comisi\u00f3n Nacional del Agua para este 2 de junio se pronostican temperaturas para la Huasteca y regi\u00f3n Media de hasta 45 grados, para la regi\u00f3n Centro, que abarca la zona Metropolitana, la m\u00e1xima ser\u00e1 de 36 grados y cielo medio nublado, mientras que para el Altiplano se pronostican lluvias y tormentas puntuales.<\/p>\n\n\n\n<p>Ante las condiciones clim\u00e1ticas, Protecci\u00f3n Civil exhort\u00f3 a los 58 municipios para que difundan ampliamente las recomendaciones en sus demarcaciones y que sus cuerpos de emergencia est\u00e9n al pendiente de cualquier situaci\u00f3n de riesgo, tras recomendar a la poblaci\u00f3n acudir\u00e1 el domingo a emitir su voto, con hidrataci\u00f3n, usar ropa de algod\u00f3n y evitar prendas oscuras que cubran brazos y piernas, lleva paraguas, sombrero o cachuchas, usar protector solar, evitar exponerse a rayos del sol de 11:00 a 16:00 horas, evitar aglomeraciones y cuidar a personas adultas mayores, menores de edad, mujeres embarazadas, personas con discapacidad o enfermas.<\/p>\n\n\n\n<p>En caso de emergencia, las personas pueden comunicarse al n\u00famero 911, y al n\u00famero de WhatsApp 444 213 2858, y el personal de Protecci\u00f3n Civil acudir\u00e1 de inmediato al lugar.&nbsp;<\/p>\n\n\n\n<p>Esta informaci\u00f3n es p\u00fablica, ajena a cualquier inter\u00e9s particular o de alg\u00fan partido pol\u00edtico.<\/p>\n","protected":false},"excerpt":{"rendered":"<p>Para este 2 de junio se pronostican temperaturas de hasta 45 grados en algunas regiones.<\/p>\n","protected":false},"author":4,"featured_media":27195,"comment_status":"closed","ping_status":"closed","sticky":false,"template":"","format":"standard","meta":{"_et_pb_use_builder":"off","_et_pb_old_content":"","_et_gb_content_width":"","footnotes":""},"categories":[412,280],"tags":[72,66],"class_list":["post-27194","post","type-post","status-publish","format-standard","has-post-thumbnail","hentry","category-destacado","category-gob-slp","tag-gobierno-del-estado","tag-san-luis-potosi"],"_links":{"self":[{"href":"https:\/\/gerardoduque.com.mx\/index.php?rest_route=\/wp\/v2\/posts\/27194","targetHints":{"allow":["GET"]}}],"collection":[{"href":"https:\/\/gerardoduque.com.mx\/index.php?rest_route=\/wp\/v2\/posts"}],"about":[{"href":"https:\/\/gerardoduque.com.mx\/index.php?rest_route=\/wp\/v2\/types\/post"}],"author":[{"embeddable":true,"href":"https:\/\/gerardoduque.com.mx\/index.php?rest_route=\/wp\/v2\/users\/4"}],"replies":[{"embeddable":true,"href":"https:\/\/gerardoduque.com.mx\/index.php?rest_route=%2Fwp%2Fv2%2Fcomments&post=27194"}],"version-history":[{"count":0,"href":"https:\/\/gerardoduque.com.mx\/index.php?rest_route=\/wp\/v2\/posts\/27194\/revisions"}],"wp:featuredmedia":[{"embeddable":true,"href":"https:\/\/gerardoduque.com.mx\/index.php?rest_route=\/wp\/v2\/media\/27195"}],"wp:attachment":[{"href":"https:\/\/gerardoduque.com.mx\/index.php?rest_route=%2Fwp%2Fv2%2Fmedia&parent=27194"}],"wp:term":[{"taxonomy":"category","embeddable":true,"href":"https:\/\/gerardoduque.com.mx\/index.php?rest_route=%2Fwp%2Fv2%2Fcategories&post=27194"},{"taxonomy":"post_tag","embeddable":true,"href":"https:\/\/gerardoduque.com.mx\/index.php?rest_route=%2Fwp%2Fv2%2Ftags&post=27194"}],"curies":[{"name":"wp","href":"https:\/\/api.w.org\/{rel}","templated":true}]}}