{"id":27137,"date":"2024-05-29T07:04:56","date_gmt":"2024-05-29T13:04:56","guid":{"rendered":"https:\/\/gerardoduque.com.mx\/?p=27137"},"modified":"2024-05-29T07:05:00","modified_gmt":"2024-05-29T13:05:00","slug":"implementaran-plan-especial-de-seguridad-por-jornada-electoral","status":"publish","type":"post","link":"https:\/\/gerardoduque.com.mx\/?p=27137","title":{"rendered":"IMPLEMENTAR\u00c1N PLAN ESPECIAL DE SEGURIDAD POR JORNADA ELECTORAL"},"content":{"rendered":"\n<p>La Secretar\u00eda de Seguridad y Protecci\u00f3n Ciudadana del Estado desplegar\u00e1 este 2 de junio un plan especial de operaciones, que permitir\u00e1 realizar una jornada civilizada y con alta participaci\u00f3n ciudadana, con una estrecha coordinaci\u00f3n y comunicaci\u00f3n a fin de lograr saldos positivos, a fin de mantener el orden y paz durante la jornada electoral.<\/p>\n\n\n\n<p>Autoridades de los tres \u00f3rdenes de Gobierno trabajar\u00e1n de forma coordinada con autoridades de seguridad p\u00fablica y procuraci\u00f3n de justicia; mientras que la Guardia Civil Estatal dispondr\u00e1 de la totalidad de la fuerza operativa en las cuatro regiones del territorio potosino.<\/p>\n\n\n\n<p>Fortalecer\u00e1n la presencia preventiva en los cierres de campa\u00f1a que realizan los candidatos con la celebraci\u00f3n de eventos masivos, cuyo l\u00edmite es este pr\u00f3ximo mi\u00e9rcoles 29 de mayo, tras reiterar que la presencia policial ser\u00e1 en todo el Estado para contener cualquier situaci\u00f3n que se pudiera presentar durante el desarrollo de los comicios.<\/p>\n\n\n\n<p>El d\u00eda de las votaciones, los agentes de la GCE podr\u00e1n hacer detenciones en caso de ser testigos de alg\u00fan hecho con apariencia de delito en flagrancia.<\/p>\n\n\n\n<p>Esta informaci\u00f3n es p\u00fablica, ajena a cualquier inter\u00e9s particular o de alg\u00fan partido pol\u00edtico.<\/p>\n","protected":false},"excerpt":{"rendered":"<p>Guardia Civil Estatal desplegar\u00e1 la totalidad de la fuerza operativa en los 58 municipios en coordinaci\u00f3n con otros niveles de Gobierno y autoridades de procuraci\u00f3n de justicia<\/p>\n","protected":false},"author":4,"featured_media":13598,"comment_status":"closed","ping_status":"closed","sticky":false,"template":"","format":"standard","meta":{"_et_pb_use_builder":"off","_et_pb_old_content":"","_et_gb_content_width":"","footnotes":""},"categories":[412,280],"tags":[72,66],"class_list":["post-27137","post","type-post","status-publish","format-standard","has-post-thumbnail","hentry","category-destacado","category-gob-slp","tag-gobierno-del-estado","tag-san-luis-potosi"],"_links":{"self":[{"href":"https:\/\/gerardoduque.com.mx\/index.php?rest_route=\/wp\/v2\/posts\/27137","targetHints":{"allow":["GET"]}}],"collection":[{"href":"https:\/\/gerardoduque.com.mx\/index.php?rest_route=\/wp\/v2\/posts"}],"about":[{"href":"https:\/\/gerardoduque.com.mx\/index.php?rest_route=\/wp\/v2\/types\/post"}],"author":[{"embeddable":true,"href":"https:\/\/gerardoduque.com.mx\/index.php?rest_route=\/wp\/v2\/users\/4"}],"replies":[{"embeddable":true,"href":"https:\/\/gerardoduque.com.mx\/index.php?rest_route=%2Fwp%2Fv2%2Fcomments&post=27137"}],"version-history":[{"count":0,"href":"https:\/\/gerardoduque.com.mx\/index.php?rest_route=\/wp\/v2\/posts\/27137\/revisions"}],"wp:featuredmedia":[{"embeddable":true,"href":"https:\/\/gerardoduque.com.mx\/index.php?rest_route=\/wp\/v2\/media\/13598"}],"wp:attachment":[{"href":"https:\/\/gerardoduque.com.mx\/index.php?rest_route=%2Fwp%2Fv2%2Fmedia&parent=27137"}],"wp:term":[{"taxonomy":"category","embeddable":true,"href":"https:\/\/gerardoduque.com.mx\/index.php?rest_route=%2Fwp%2Fv2%2Fcategories&post=27137"},{"taxonomy":"post_tag","embeddable":true,"href":"https:\/\/gerardoduque.com.mx\/index.php?rest_route=%2Fwp%2Fv2%2Ftags&post=27137"}],"curies":[{"name":"wp","href":"https:\/\/api.w.org\/{rel}","templated":true}]}}