{"id":27134,"date":"2024-05-29T06:59:51","date_gmt":"2024-05-29T12:59:51","guid":{"rendered":"https:\/\/gerardoduque.com.mx\/?p=27134"},"modified":"2024-05-29T06:59:55","modified_gmt":"2024-05-29T12:59:55","slug":"por-tercera-ola-de-calor-exhortan-a-fortalecer-medidas-preventivas","status":"publish","type":"post","link":"https:\/\/gerardoduque.com.mx\/?p=27134","title":{"rendered":"POR TERCERA OLA DE CALOR, EXHORTAN A FORTALECER MEDIDAS PREVENTIVAS"},"content":{"rendered":"\n<p>Ante la persistencia de la tercera ola de calor, el Comit\u00e9 Estatal para la Seguridad en Salud hizo un llamado a los potosinos a fortalecer las medidas preventivas como evitar la exposici\u00f3n prolongada al sol, hidratarse adecuadamente, poner especial atenci\u00f3n a personas con enfermedades cr\u00f3nicas, ni\u00f1as, ni\u00f1os y personas adultas mayores.<\/p>\n\n\n\n<p>La Secretar\u00eda de Salud, inform\u00f3 que del 9 al 26 de mayo se han brindado 233 atenciones en unidades m\u00e9dicas p\u00fablicas y privadas, concentr\u00e1ndose la mayor\u00eda en la regi\u00f3n Huasteca.<\/p>\n\n\n\n<p>La dependencia mantiene puntos de hidrataci\u00f3n oral en 184 centros de salud y en coordinaci\u00f3n con los municipios hay puntos en espacios p\u00fablicos, y anunci\u00f3 que en breve se estar\u00e1 notificando la colocaci\u00f3n de puntos de hidrataci\u00f3n en la capital potosina.<\/p>\n\n\n\n<p>Llam\u00f3 a la poblaci\u00f3n para mantener una hidrataci\u00f3n adecuada, evitar exponerse por tiempos prolongados al sol, y cuidar la higiene de los alimentos y de las manos, ya que la temporada de calor propicia el aumento de enfermedades gastrointestinales.<\/p>\n\n\n\n<p>Esta informaci\u00f3n es p\u00fablica, ajena a cualquier inter\u00e9s particular o de alg\u00fan partido pol\u00edtico.<\/p>\n","protected":false},"excerpt":{"rendered":"<p>Se han brindado 233 atenciones, en unidades m\u00e9dicas p\u00fablicas y privadas, debido a altas temperaturas en el Estado<\/p>\n","protected":false},"author":4,"featured_media":27135,"comment_status":"closed","ping_status":"closed","sticky":false,"template":"","format":"standard","meta":{"_et_pb_use_builder":"off","_et_pb_old_content":"","_et_gb_content_width":"","footnotes":""},"categories":[412,280],"tags":[72,66],"class_list":["post-27134","post","type-post","status-publish","format-standard","has-post-thumbnail","hentry","category-destacado","category-gob-slp","tag-gobierno-del-estado","tag-san-luis-potosi"],"_links":{"self":[{"href":"https:\/\/gerardoduque.com.mx\/index.php?rest_route=\/wp\/v2\/posts\/27134","targetHints":{"allow":["GET"]}}],"collection":[{"href":"https:\/\/gerardoduque.com.mx\/index.php?rest_route=\/wp\/v2\/posts"}],"about":[{"href":"https:\/\/gerardoduque.com.mx\/index.php?rest_route=\/wp\/v2\/types\/post"}],"author":[{"embeddable":true,"href":"https:\/\/gerardoduque.com.mx\/index.php?rest_route=\/wp\/v2\/users\/4"}],"replies":[{"embeddable":true,"href":"https:\/\/gerardoduque.com.mx\/index.php?rest_route=%2Fwp%2Fv2%2Fcomments&post=27134"}],"version-history":[{"count":0,"href":"https:\/\/gerardoduque.com.mx\/index.php?rest_route=\/wp\/v2\/posts\/27134\/revisions"}],"wp:featuredmedia":[{"embeddable":true,"href":"https:\/\/gerardoduque.com.mx\/index.php?rest_route=\/wp\/v2\/media\/27135"}],"wp:attachment":[{"href":"https:\/\/gerardoduque.com.mx\/index.php?rest_route=%2Fwp%2Fv2%2Fmedia&parent=27134"}],"wp:term":[{"taxonomy":"category","embeddable":true,"href":"https:\/\/gerardoduque.com.mx\/index.php?rest_route=%2Fwp%2Fv2%2Fcategories&post=27134"},{"taxonomy":"post_tag","embeddable":true,"href":"https:\/\/gerardoduque.com.mx\/index.php?rest_route=%2Fwp%2Fv2%2Ftags&post=27134"}],"curies":[{"name":"wp","href":"https:\/\/api.w.org\/{rel}","templated":true}]}}