{"id":27125,"date":"2024-05-28T22:37:39","date_gmt":"2024-05-29T04:37:39","guid":{"rendered":"https:\/\/gerardoduque.com.mx\/?p=27125"},"modified":"2024-05-28T22:37:43","modified_gmt":"2024-05-29T04:37:43","slug":"ataque-armado-contra-comision-de-busqueda-de-personas-deja-un-militar-muerto","status":"publish","type":"post","link":"https:\/\/gerardoduque.com.mx\/?p=27125","title":{"rendered":"ATAQUE ARMADO CONTRA COMISI\u00d3N DE B\u00daSQUEDA DE PERSONAS DEJA UN MILITAR MUERTO"},"content":{"rendered":"\n<p>La tarde de este martes un grupo de civiles armados atacaron a integrantes de la Comisi\u00f3n Estatal de B\u00fasqueda de Personas que eran escoltados por agentes de la Guardia Civil Estatal (GCE) y de la Secretar\u00eda de la Defensa Nacional (SEDENA).<\/p>\n\n\n\n<p><strong><em>\u201cLos sujetos abrieron fuego contra las autoridades al interceptarlos cerca de un lugar conocido como Las Cotorras en la localidad de Agua Buena, perteneciente a Tamasopo\u201d<\/em><\/strong>, precis\u00f3 la Fiscal\u00eda General del Estado a trav\u00e9s de un comunicado a medios.<\/p>\n\n\n\n<p>Por su parte, en otro bolet\u00edn de prensa, la Secretar\u00eda de Seguridad y Protecci\u00f3n Ciudadana del Estado inform\u00f3 que los efectivos <strong><em>\u201cfederales y estatales repelieron la agresi\u00f3n\u2026 el saldo fue de una baja de un efectivo militar y ning\u00fan lesionado de la GCE ni por parte de la Comisi\u00f3n de B\u00fasqueda de Personas\u201d<\/em><\/strong>.<\/p>\n\n\n\n<p>Luego del ataque, en Tamasopo y sus alrededores decenas de elementos de las fuerzas federales y estatales desplegaron un operativo para localizar a los civiles armados, pero no se tuvo \u00e9xito.<\/p>\n\n\n\n<p>? <strong>COLECTIVO DE B\u00daSQUEDA CONDENA EL ATAQUE<\/strong> ?<\/p>\n\n\n\n<p>\u201cVoz y Dignidad por los Nuestros\u201d es el colectivo que agrupa al mayor n\u00famero de familias de personas desaparecidas en el estado de San Luis Potos\u00ed.<\/p>\n\n\n\n<p>A trav\u00e9s de su cuenta oficial en Facebook, Voz y Dignidad comparti\u00f3 un comunicado dirigido a la opini\u00f3n p\u00fablica.<\/p>\n\n\n\n<p><strong><em>\u201cLa indignaci\u00f3n es total. No es posible que sigan desapareciendo a los nuestros y que ahora, por buscarlos, est\u00e9n asediando, acosando y emboscando a las fuerzas armadas que acompa\u00f1an a la Comisi\u00f3n de B\u00fasqueda y a las madres buscadoras. Esta situaci\u00f3n cada vez va m\u00e1s all\u00e1 de lo tolerable\u201d.<\/em><\/strong><\/p>\n\n\n\n<p><strong><em>\u201cHoy, lamentablemente, en Tamasopo, San Luis Potos\u00ed, un militar ha fallecido en cumplimiento de su deber. Nos preguntamos, \u00bfqu\u00e9 esperan? \u00bfQue acaben con todos los que buscan la verdad y justicia? Esta violencia desmedida contra quienes s\u00f3lo desean encontrar a sus seres queridos y brindarles una sepultura digna es inadmisible.\u201d<\/em><\/strong><\/p>\n\n\n\n<p><strong><em>\u201cLos resultados est\u00e1n a la vista: se est\u00e1n localizando a los nuestros y eso es muy importante para las familias. No podemos permitir que la violencia y el terror sigan obstaculizando este proceso fundamental para la paz y la justicia en nuestro pa\u00eds\u201d.<\/em><\/strong><\/p>\n\n\n\n<p><strong><em>\u201cExpresamos nuestra solidaridad con la familia y familiares del soldado ca\u00eddo. Su sacrificio no ser\u00e1 en vano y estamos con ellos en este doloroso momento.\u201d<\/em><\/strong><\/p>\n\n\n\n<p><strong><em>\u201cExigimos al gobierno y a las autoridades correspondientes que tomen medidas urgentes y efectivas para proteger a las fuerzas armadas, a la Comisi\u00f3n de B\u00fasqueda y a las madres buscadoras. No podemos seguir permitiendo que la impunidad reine y que la vida de quienes luchan por la verdad siga estando en constante peligro\u201d.<\/em><\/strong><\/p>\n\n\n\n<p><strong><em>\u201c\u00a1Basta ya de violencia! \u00a1Basta ya de desapariciones! Exigimos justicia y seguridad para todos los que buscan a los desaparecidos\u201d.<\/em><\/strong><\/p>\n","protected":false},"excerpt":{"rendered":"<p>Los criminales huyeron pese a un gran operativo  <\/p>\n","protected":false},"author":4,"featured_media":27126,"comment_status":"closed","ping_status":"closed","sticky":false,"template":"","format":"standard","meta":{"_et_pb_use_builder":"off","_et_pb_old_content":"","_et_gb_content_width":"","footnotes":""},"categories":[412,62],"tags":[],"class_list":["post-27125","post","type-post","status-publish","format-standard","has-post-thumbnail","hentry","category-destacado","category-redaccion"],"_links":{"self":[{"href":"https:\/\/gerardoduque.com.mx\/index.php?rest_route=\/wp\/v2\/posts\/27125","targetHints":{"allow":["GET"]}}],"collection":[{"href":"https:\/\/gerardoduque.com.mx\/index.php?rest_route=\/wp\/v2\/posts"}],"about":[{"href":"https:\/\/gerardoduque.com.mx\/index.php?rest_route=\/wp\/v2\/types\/post"}],"author":[{"embeddable":true,"href":"https:\/\/gerardoduque.com.mx\/index.php?rest_route=\/wp\/v2\/users\/4"}],"replies":[{"embeddable":true,"href":"https:\/\/gerardoduque.com.mx\/index.php?rest_route=%2Fwp%2Fv2%2Fcomments&post=27125"}],"version-history":[{"count":0,"href":"https:\/\/gerardoduque.com.mx\/index.php?rest_route=\/wp\/v2\/posts\/27125\/revisions"}],"wp:featuredmedia":[{"embeddable":true,"href":"https:\/\/gerardoduque.com.mx\/index.php?rest_route=\/wp\/v2\/media\/27126"}],"wp:attachment":[{"href":"https:\/\/gerardoduque.com.mx\/index.php?rest_route=%2Fwp%2Fv2%2Fmedia&parent=27125"}],"wp:term":[{"taxonomy":"category","embeddable":true,"href":"https:\/\/gerardoduque.com.mx\/index.php?rest_route=%2Fwp%2Fv2%2Fcategories&post=27125"},{"taxonomy":"post_tag","embeddable":true,"href":"https:\/\/gerardoduque.com.mx\/index.php?rest_route=%2Fwp%2Fv2%2Ftags&post=27125"}],"curies":[{"name":"wp","href":"https:\/\/api.w.org\/{rel}","templated":true}]}}