{"id":27105,"date":"2024-05-28T06:06:00","date_gmt":"2024-05-28T12:06:00","guid":{"rendered":"https:\/\/gerardoduque.com.mx\/?p=27105"},"modified":"2024-05-27T21:31:33","modified_gmt":"2024-05-28T03:31:33","slug":"temacalli-inicia-semana-estatal-sin-humo","status":"publish","type":"post","link":"https:\/\/gerardoduque.com.mx\/?p=27105","title":{"rendered":"TEMACALLI INICIA SEMANA ESTATAL SIN HUMO"},"content":{"rendered":"\n<p>Del 27 al 31 de mayo de 2024, el Instituto Temazcalli realiza la Semana Estatal Sin Humo y Emisiones, que busca prevenir y reducir el consumo de productos de tabaco y otros derivados de la nicotina, como el cigarro convencional y los vapeadores para proteger a ni\u00f1as, ni\u00f1os, adolescentes y j\u00f3venes,<\/p>\n\n\n\n<p>En el marco del D\u00eda Mundial Sin Tabaco, la dependencia ampli\u00f3 y robusteci\u00f3 la campa\u00f1a que se realizaba bajo el nombre de \u201cCambia tus Cigarros por una Manzana\u201d, con acciones m\u00e1s efectivas adaptadas al panorama estatal, nacional y global actual impulsando la corresponsabilidad social de todos los sectores, bajo el lema \u201cYo me sumo por un futuro sin humo\u201d.<\/p>\n\n\n\n<p>Las jornadas preventivas est\u00e1n enfocadas a la ni\u00f1ez y juventud, debido a que hay evidencia de que, al prevenir el consumo temprano de sustancias, se reducen las probabilidades de convertirse en consumidores en edades adultas, ya que es la poblaci\u00f3n m\u00e1s expuesta a mensajes en entornos digitales que promueven el uso de vapeadores, considerados como la puerta de entrada al cigarro, ya que al contener nicotina genera una adicci\u00f3n que se va agravando.<\/p>\n\n\n\n<p>El Temazcalli realizar\u00e1 jornadas preventivas del 27 al 31 de mayo, en los municipios de Tamasopo, Rioverde, Villa de la Paz, Mexquitic de Carmona, Soledad de Graciano S\u00e1nchez y la capital potosina. Beneficiando a estudiantes, docentes y padres de familia de todos los niveles educativos, as\u00ed como a trabajadores de diversas empresas y p\u00fablico.<\/p>\n\n\n\n<p>Esta informaci\u00f3n es p\u00fablica, ajena a cualquier inter\u00e9s particular o de alg\u00fan partido pol\u00edtico.<\/p>\n","protected":false},"excerpt":{"rendered":"<p>Instituto Temazcalli realizar\u00e1 jornadas preventivas en las cuatro regiones del Estado del 27 al 31 de mayo<\/p>\n","protected":false},"author":4,"featured_media":27106,"comment_status":"closed","ping_status":"closed","sticky":false,"template":"","format":"standard","meta":{"_et_pb_use_builder":"off","_et_pb_old_content":"","_et_gb_content_width":"","footnotes":""},"categories":[412,280],"tags":[72,66],"class_list":["post-27105","post","type-post","status-publish","format-standard","has-post-thumbnail","hentry","category-destacado","category-gob-slp","tag-gobierno-del-estado","tag-san-luis-potosi"],"_links":{"self":[{"href":"https:\/\/gerardoduque.com.mx\/index.php?rest_route=\/wp\/v2\/posts\/27105","targetHints":{"allow":["GET"]}}],"collection":[{"href":"https:\/\/gerardoduque.com.mx\/index.php?rest_route=\/wp\/v2\/posts"}],"about":[{"href":"https:\/\/gerardoduque.com.mx\/index.php?rest_route=\/wp\/v2\/types\/post"}],"author":[{"embeddable":true,"href":"https:\/\/gerardoduque.com.mx\/index.php?rest_route=\/wp\/v2\/users\/4"}],"replies":[{"embeddable":true,"href":"https:\/\/gerardoduque.com.mx\/index.php?rest_route=%2Fwp%2Fv2%2Fcomments&post=27105"}],"version-history":[{"count":0,"href":"https:\/\/gerardoduque.com.mx\/index.php?rest_route=\/wp\/v2\/posts\/27105\/revisions"}],"wp:featuredmedia":[{"embeddable":true,"href":"https:\/\/gerardoduque.com.mx\/index.php?rest_route=\/wp\/v2\/media\/27106"}],"wp:attachment":[{"href":"https:\/\/gerardoduque.com.mx\/index.php?rest_route=%2Fwp%2Fv2%2Fmedia&parent=27105"}],"wp:term":[{"taxonomy":"category","embeddable":true,"href":"https:\/\/gerardoduque.com.mx\/index.php?rest_route=%2Fwp%2Fv2%2Fcategories&post=27105"},{"taxonomy":"post_tag","embeddable":true,"href":"https:\/\/gerardoduque.com.mx\/index.php?rest_route=%2Fwp%2Fv2%2Ftags&post=27105"}],"curies":[{"name":"wp","href":"https:\/\/api.w.org\/{rel}","templated":true}]}}