{"id":27075,"date":"2024-05-26T09:18:57","date_gmt":"2024-05-26T15:18:57","guid":{"rendered":"https:\/\/gerardoduque.com.mx\/?p=27075"},"modified":"2024-05-26T09:19:01","modified_gmt":"2024-05-26T15:19:01","slug":"entregan-constancia-de-conclusion-de-incendio-forestal-de-ciudad-valles","status":"publish","type":"post","link":"https:\/\/gerardoduque.com.mx\/?p=27075","title":{"rendered":"ENTREGAN CONSTANCIA DE CONCLUSI\u00d3N DE INCENDIO FORESTAL DE CIUDAD VALLES"},"content":{"rendered":"\n<p>La Coordinaci\u00f3n Estatal de Protecci\u00f3n Civil en conjunto con la Comisi\u00f3n Nacional Forestal entregaron para vigilancia al ayuntamiento de Ciudad Valles y a los ejidos de Casas Viejas, Laguna del Mante y Zaragoza de Ciudad Valles el incendio forestal que se registraba en ese municipio.<\/p>\n\n\n\n<p>El incendio que se complic\u00f3 por las condiciones del terreno y las altas temperaturas registradas en la zona se entrega este s\u00e1bado con un 100 por ciento de control y 95 por ciento de liquidaci\u00f3n y se mantiene el preliminar de 480 hect\u00e1reas afectadas.<\/p>\n\n\n\n<p>Se reiter\u00f3 el llamado a la poblaci\u00f3n a prevenir los incendios forestales evitando realizar quemas agr\u00edcolas en horarios no permitidos, no arrojar colillas de cigarros en los bosques y en caso de hacer fogatas en el campo apagarlas por completo.<\/p>\n\n\n\n<p>Esta informaci\u00f3n es p\u00fablica, ajena a cualquier inter\u00e9s particular o de alg\u00fan partido pol\u00edtico.<\/p>\n","protected":false},"excerpt":{"rendered":"<p>De manera preliminar se contabilizaron 480 hect\u00e1reas afectadas<\/p>\n","protected":false},"author":4,"featured_media":27076,"comment_status":"closed","ping_status":"closed","sticky":false,"template":"","format":"standard","meta":{"_et_pb_use_builder":"off","_et_pb_old_content":"","_et_gb_content_width":"","footnotes":""},"categories":[412,280],"tags":[72,66],"class_list":["post-27075","post","type-post","status-publish","format-standard","has-post-thumbnail","hentry","category-destacado","category-gob-slp","tag-gobierno-del-estado","tag-san-luis-potosi"],"_links":{"self":[{"href":"https:\/\/gerardoduque.com.mx\/index.php?rest_route=\/wp\/v2\/posts\/27075","targetHints":{"allow":["GET"]}}],"collection":[{"href":"https:\/\/gerardoduque.com.mx\/index.php?rest_route=\/wp\/v2\/posts"}],"about":[{"href":"https:\/\/gerardoduque.com.mx\/index.php?rest_route=\/wp\/v2\/types\/post"}],"author":[{"embeddable":true,"href":"https:\/\/gerardoduque.com.mx\/index.php?rest_route=\/wp\/v2\/users\/4"}],"replies":[{"embeddable":true,"href":"https:\/\/gerardoduque.com.mx\/index.php?rest_route=%2Fwp%2Fv2%2Fcomments&post=27075"}],"version-history":[{"count":0,"href":"https:\/\/gerardoduque.com.mx\/index.php?rest_route=\/wp\/v2\/posts\/27075\/revisions"}],"wp:featuredmedia":[{"embeddable":true,"href":"https:\/\/gerardoduque.com.mx\/index.php?rest_route=\/wp\/v2\/media\/27076"}],"wp:attachment":[{"href":"https:\/\/gerardoduque.com.mx\/index.php?rest_route=%2Fwp%2Fv2%2Fmedia&parent=27075"}],"wp:term":[{"taxonomy":"category","embeddable":true,"href":"https:\/\/gerardoduque.com.mx\/index.php?rest_route=%2Fwp%2Fv2%2Fcategories&post=27075"},{"taxonomy":"post_tag","embeddable":true,"href":"https:\/\/gerardoduque.com.mx\/index.php?rest_route=%2Fwp%2Fv2%2Ftags&post=27075"}],"curies":[{"name":"wp","href":"https:\/\/api.w.org\/{rel}","templated":true}]}}