{"id":27053,"date":"2024-05-25T10:20:05","date_gmt":"2024-05-25T16:20:05","guid":{"rendered":"https:\/\/gerardoduque.com.mx\/?p=27053"},"modified":"2024-05-25T10:20:09","modified_gmt":"2024-05-25T16:20:09","slug":"inicia-construccion-de-refugio-para-mascotas","status":"publish","type":"post","link":"https:\/\/gerardoduque.com.mx\/?p=27053","title":{"rendered":"INICIA CONSTRUCCI\u00d3N DE REFUGIO PARA MASCOTAS"},"content":{"rendered":"\n<p>El Titular del Poder Ejecutivo Ricardo Gallardo Cardona, inici\u00f3 los trabajos de construcci\u00f3n del nuevo refugio para mascotas que se ubicar\u00e1 en Soledad de Graciano S\u00e1nchez para brindar albergue y atenci\u00f3n veterinaria a perros y gatos, a fin de promover el cuidado y respeto a la biodiversidad y evitar el maltrato animal.<\/p>\n\n\n\n<p>En el Fraccionamiento Valencia, acompa\u00f1ado por integrantes de asociaciones protectoras de animales, el Gobernador del Estado destac\u00f3 que la construcci\u00f3n del refugio, con una inversi\u00f3n de 19.8 millones de pesos, beneficiar\u00e1 de manera simult\u00e1nea a 120 mascotas con servicios de consulta, observaci\u00f3n, est\u00e9tica y alojamiento para futuras adopciones.<\/p>\n\n\n\n<p>El centro ser\u00e1 construido en una superficie de tres mil metros cuadrados, e incluir\u00e1 \u00e1rea de estacionamiento, zona de acceso, m\u00f3dulo de recepci\u00f3n, m\u00f3dulos sanitarios, quir\u00f3fano, sala de esterilizaci\u00f3n, \u00e1rea de tienda, \u00e1rea de adopci\u00f3n responsable, bodega, cocina, \u00e1rea de alojamiento, \u00e1rea de esparcimiento para razas grandes y \u00e1rea de jardiner\u00eda.<\/p>\n\n\n\n<p>Esta informaci\u00f3n es p\u00fablica, ajena a cualquier inter\u00e9s particular o de alg\u00fan partido pol\u00edtico.<\/p>\n","protected":false},"excerpt":{"rendered":"<p>Adem\u00e1s de protecci\u00f3n, el centro servir\u00e1 para fomentar la adopci\u00f3n de perros y gatos <\/p>\n","protected":false},"author":4,"featured_media":27054,"comment_status":"closed","ping_status":"closed","sticky":false,"template":"","format":"standard","meta":{"_et_pb_use_builder":"off","_et_pb_old_content":"","_et_gb_content_width":"","footnotes":""},"categories":[412,280],"tags":[72,66],"class_list":["post-27053","post","type-post","status-publish","format-standard","has-post-thumbnail","hentry","category-destacado","category-gob-slp","tag-gobierno-del-estado","tag-san-luis-potosi"],"_links":{"self":[{"href":"https:\/\/gerardoduque.com.mx\/index.php?rest_route=\/wp\/v2\/posts\/27053","targetHints":{"allow":["GET"]}}],"collection":[{"href":"https:\/\/gerardoduque.com.mx\/index.php?rest_route=\/wp\/v2\/posts"}],"about":[{"href":"https:\/\/gerardoduque.com.mx\/index.php?rest_route=\/wp\/v2\/types\/post"}],"author":[{"embeddable":true,"href":"https:\/\/gerardoduque.com.mx\/index.php?rest_route=\/wp\/v2\/users\/4"}],"replies":[{"embeddable":true,"href":"https:\/\/gerardoduque.com.mx\/index.php?rest_route=%2Fwp%2Fv2%2Fcomments&post=27053"}],"version-history":[{"count":0,"href":"https:\/\/gerardoduque.com.mx\/index.php?rest_route=\/wp\/v2\/posts\/27053\/revisions"}],"wp:featuredmedia":[{"embeddable":true,"href":"https:\/\/gerardoduque.com.mx\/index.php?rest_route=\/wp\/v2\/media\/27054"}],"wp:attachment":[{"href":"https:\/\/gerardoduque.com.mx\/index.php?rest_route=%2Fwp%2Fv2%2Fmedia&parent=27053"}],"wp:term":[{"taxonomy":"category","embeddable":true,"href":"https:\/\/gerardoduque.com.mx\/index.php?rest_route=%2Fwp%2Fv2%2Fcategories&post=27053"},{"taxonomy":"post_tag","embeddable":true,"href":"https:\/\/gerardoduque.com.mx\/index.php?rest_route=%2Fwp%2Fv2%2Ftags&post=27053"}],"curies":[{"name":"wp","href":"https:\/\/api.w.org\/{rel}","templated":true}]}}