{"id":26956,"date":"2024-05-20T22:54:03","date_gmt":"2024-05-21T04:54:03","guid":{"rendered":"https:\/\/gerardoduque.com.mx\/?p=26956"},"modified":"2024-05-20T22:54:06","modified_gmt":"2024-05-21T04:54:06","slug":"llego-a-destiempo-la-ayuda-de-gobierno-para-combatir-el-incendio-en-el-ejido-zaragoza","status":"publish","type":"post","link":"https:\/\/gerardoduque.com.mx\/?p=26956","title":{"rendered":"\u201cLLEG\u00d3 A DESTIEMPO\u201d LA AYUDA DE GOBIERNO PARA COMBATIR EL INCENDIO EN EL EJIDO ZARAGOZA"},"content":{"rendered":"\n<p>El incendio de gran magnitud que esta noche mantiene en vilo a decenas de familias que habitan el ejido \u201cIgnacio Zaragoza\u201d -al norte de Ciudad Valles- comenz\u00f3 el domingo 12 de mayo, pero la ayuda de la administraci\u00f3n estatal y del gobierno federal lleg\u00f3 cuatro d\u00edas despu\u00e9s.<\/p>\n\n\n\n<p><strong><em>\u201cQuer\u00edamos evitar eso, el d\u00eda de hoy estuvieron m\u00e1s de ochenta gentes desde temprano, gente de La Estribera, Casas Viejas, brigadistas, SEDENA\u2026 tambi\u00e9n helic\u00f3pteros, nada m\u00e1s que a destiempo\u2026 tenemos miedo y estamos pidiendo el apoyo de manos y de helic\u00f3pteros, que se sume m\u00e1s gente, que nos ayuden\u201d, <\/em><\/strong>narr\u00f3 Lorena.<\/p>\n\n\n\n<p>El domicilio de Lorena es el punto donde se acopia toda la ayuda de bebidas y alimento que la comunidad de Ciudad Valles sigue aportando d\u00eda y noche, para sostener a quienes combaten el fuego.<\/p>\n\n\n\n<p>Habitantes de ranchos y ejidos circunvecinos aseguran que el incendio ha arrasado casi mil hect\u00e1reas de monte y selva caducifolia.<\/p>\n\n\n\n<p>La lumbre inici\u00f3 desde el fin de semana antepasado en el \u00e1rea del ejido Laguna del Mante, y al correr de las horas se extendi\u00f3 r\u00e1pido a trav\u00e9s de una zona monta\u00f1osa. El fuego pronto sobrepas\u00f3 la capacidad de voluntarios. Sin embargo, el apoyo del estado y de la federaci\u00f3n lleg\u00f3 hasta el jueves.<\/p>\n\n\n\n<p>F\u00edsica y emocionalmente agotada, Lorena dijo en entrevista: <strong><em>\u201cEl miedo que tenemos es que nos llegue la lumbre al pie del ejido, nosotros tenemos cuatro d\u00edas resistiendo desde la ma\u00f1ana hasta la tarde, llevando los v\u00edveres que han estado trayendo a mi casa, llevando la comida y estar al pendiente de lo que ocupan todos los voluntarios\u2026\u201d<\/em><\/strong>.<\/p>\n\n\n\n<p>El viernes -a trav\u00e9s de un comunicado a medios- la Coordinaci\u00f3n Estatal de Protecci\u00f3n Civil inform\u00f3 que, por aire, tres helic\u00f3pteros realizan descargas de agua. Un MI-17 de la SEDENA, uno de Gobierno del Estado y uno m\u00e1s rentado.<\/p>\n\n\n\n<p>Sin embargo, habitantes y voluntarios advierten que solamente dos aeronaves han realizado labores de combate al fuego. <strong><em>\u201cQue haya m\u00e1s helic\u00f3pteros, a tiempo, temprano\u2026 si no se puede amaneciendo, de perdido a las ocho de la ma\u00f1ana, porque han estado llegando como a las diez y media\u2026\u201d,<\/em><\/strong> dijo Orlando Rubio.<\/p>\n\n\n\n<p>Por momentos parece que el fuego queda controlado, pero las intempestivas rachas de viento lo reavivan, extendi\u00e9ndose a\u00fan m\u00e1s la devastaci\u00f3n de flora y fauna silvestre.<\/p>\n\n\n\n<p>La tarde de este lunes se orden\u00f3 abortar las acciones por tierra debido a que el fuego est\u00e1 fuera de control y la integridad de los brigadistas corr\u00eda riesgo.<\/p>\n\n\n\n<p><strong><em>\u201cYa tenemos varios d\u00edas, pero ya no se puede hacer nada, es demasiada lumbre y ya ve, todos se est\u00e1n retirando, los soldados y todos\u2026 ahorita ya se quem\u00f3 aqu\u00ed en rancho \u201cLa Copa\u201d, va en direcci\u00f3n de Zaragoza, es el temor, que llegue a Zaragoza\u2026 hay casas, ganado\u2026\u201d, <\/em><\/strong>expres\u00f3 Pablo Purata, uno de los voluntarios que combaten el fuego junto a brigadistas de CONAFOR, integrantes del Ej\u00e9rcito Mexicano, elementos de Protecci\u00f3n Civil y activos de la Comisi\u00f3n Nacional de Emergencias.<\/p>\n\n\n\n<p>Para llegar al incendio, desde la zona urbana de Valles hay que trasladarse en veh\u00edculo durante cincuenta minutos al ejido Zaragoza. Luego, adentrarse a pie entre ca\u00f1adas y bosque seco, cargado bombas aspersoras. Hay extensiones de tierra donde lo \u00fanico que se observa es ceniza y miles de troncos quemados.<\/p>\n","protected":false},"excerpt":{"rendered":"<p>Este lunes se orden\u00f3 el retiro de brigadistas debido a que la lumbre est\u00e1 fuera de control <\/p>\n","protected":false},"author":4,"featured_media":26957,"comment_status":"closed","ping_status":"closed","sticky":false,"template":"","format":"standard","meta":{"_et_pb_use_builder":"off","_et_pb_old_content":"","_et_gb_content_width":"","footnotes":""},"categories":[412,62],"tags":[],"class_list":["post-26956","post","type-post","status-publish","format-standard","has-post-thumbnail","hentry","category-destacado","category-redaccion"],"_links":{"self":[{"href":"https:\/\/gerardoduque.com.mx\/index.php?rest_route=\/wp\/v2\/posts\/26956","targetHints":{"allow":["GET"]}}],"collection":[{"href":"https:\/\/gerardoduque.com.mx\/index.php?rest_route=\/wp\/v2\/posts"}],"about":[{"href":"https:\/\/gerardoduque.com.mx\/index.php?rest_route=\/wp\/v2\/types\/post"}],"author":[{"embeddable":true,"href":"https:\/\/gerardoduque.com.mx\/index.php?rest_route=\/wp\/v2\/users\/4"}],"replies":[{"embeddable":true,"href":"https:\/\/gerardoduque.com.mx\/index.php?rest_route=%2Fwp%2Fv2%2Fcomments&post=26956"}],"version-history":[{"count":0,"href":"https:\/\/gerardoduque.com.mx\/index.php?rest_route=\/wp\/v2\/posts\/26956\/revisions"}],"wp:featuredmedia":[{"embeddable":true,"href":"https:\/\/gerardoduque.com.mx\/index.php?rest_route=\/wp\/v2\/media\/26957"}],"wp:attachment":[{"href":"https:\/\/gerardoduque.com.mx\/index.php?rest_route=%2Fwp%2Fv2%2Fmedia&parent=26956"}],"wp:term":[{"taxonomy":"category","embeddable":true,"href":"https:\/\/gerardoduque.com.mx\/index.php?rest_route=%2Fwp%2Fv2%2Fcategories&post=26956"},{"taxonomy":"post_tag","embeddable":true,"href":"https:\/\/gerardoduque.com.mx\/index.php?rest_route=%2Fwp%2Fv2%2Ftags&post=26956"}],"curies":[{"name":"wp","href":"https:\/\/api.w.org\/{rel}","templated":true}]}}