{"id":26930,"date":"2024-05-19T14:19:02","date_gmt":"2024-05-19T20:19:02","guid":{"rendered":"https:\/\/gerardoduque.com.mx\/?p=26930"},"modified":"2024-05-19T14:19:06","modified_gmt":"2024-05-19T20:19:06","slug":"incendio-en-el-ejido-zaragoza-de-cd-valles-sigue-activo","status":"publish","type":"post","link":"https:\/\/gerardoduque.com.mx\/?p=26930","title":{"rendered":"INCENDIO EN EL EJIDO ZARAGOZA DE CD. VALLES SIGUE ACTIVO"},"content":{"rendered":"\n<p>Se cuentan por cientos, las hect\u00e1reas de monte y selva caducifolia arrasadas por el fuego en la zona cercana al ejido Zaragoza y al rancho Casas Viejas, al norte del municipio.<\/p>\n\n\n\n<p>Este domingo el incendio cumple siete d\u00edas activo. Habitantes se\u00f1alaron que la lumbre inici\u00f3 desde el fin de semana pasado en el \u00e1rea del ejido Laguna del Mante, y al correr de las horas se extendi\u00f3 r\u00e1pido a trav\u00e9s de una zona monta\u00f1osa.<\/p>\n\n\n\n<p>El fuego pronto sobrepas\u00f3 la capacidad de voluntarios. Sin embargo, el apoyo del estado y de la federaci\u00f3n lleg\u00f3 hasta el jueves.<\/p>\n\n\n\n<p>Brigadistas de CONAFOR, integrantes del Ej\u00e9rcito Mexicano, elementos de Protecci\u00f3n Civil, activos de la Comisi\u00f3n Nacional de Emergencias y ciudadanos, sumaron una fuerza de medio centenar de personas.<\/p>\n\n\n\n<p>Desde la zona urbana de Valles hay que trasladarse en veh\u00edculo durante cincuenta minutos. Luego, adentrarse a pie entre ca\u00f1adas y bosque seco, cargado bombas aspersoras para sofocar las llamas o terminar de apagar brasas. Hay extensiones de tierra donde lo \u00fanico que se observa es ceniza y miles de troncos quemados.<\/p>\n\n\n\n<p>Por aire, tres helic\u00f3pteros realizan descargas de agua. Un MI-17 de la SEDENA, uno de Gobierno del Estado y uno m\u00e1s rentado, cit\u00f3 el viernes en un comunicado a medios la Coordinaci\u00f3n Estatal de Protecci\u00f3n Civil.<\/p>\n\n\n\n<p>Por momentos parece que el fuego queda controlado, pero las intempestivas rachas de viento lo reavivan, extendi\u00e9ndose a\u00fan m\u00e1s la devastaci\u00f3n de flora y fauna silvestre.<\/p>\n\n\n\n<p>En el punto desde donde los brigadistas parten a pie se ha establecido un campamento para abastecimiento y primeros auxilios. All\u00ed, param\u00e9dicos de Cruz Roja y miembros de la comunidad proveen rehidrataci\u00f3n y alimento a quienes siguen combatiendo el fuego.<\/p>\n","protected":false},"excerpt":{"rendered":"<p>Son cientos de hect\u00e1reas devastadas <\/p>\n","protected":false},"author":4,"featured_media":26931,"comment_status":"closed","ping_status":"closed","sticky":false,"template":"","format":"standard","meta":{"_et_pb_use_builder":"off","_et_pb_old_content":"","_et_gb_content_width":"","footnotes":""},"categories":[412,62],"tags":[],"class_list":["post-26930","post","type-post","status-publish","format-standard","has-post-thumbnail","hentry","category-destacado","category-redaccion"],"_links":{"self":[{"href":"https:\/\/gerardoduque.com.mx\/index.php?rest_route=\/wp\/v2\/posts\/26930","targetHints":{"allow":["GET"]}}],"collection":[{"href":"https:\/\/gerardoduque.com.mx\/index.php?rest_route=\/wp\/v2\/posts"}],"about":[{"href":"https:\/\/gerardoduque.com.mx\/index.php?rest_route=\/wp\/v2\/types\/post"}],"author":[{"embeddable":true,"href":"https:\/\/gerardoduque.com.mx\/index.php?rest_route=\/wp\/v2\/users\/4"}],"replies":[{"embeddable":true,"href":"https:\/\/gerardoduque.com.mx\/index.php?rest_route=%2Fwp%2Fv2%2Fcomments&post=26930"}],"version-history":[{"count":0,"href":"https:\/\/gerardoduque.com.mx\/index.php?rest_route=\/wp\/v2\/posts\/26930\/revisions"}],"wp:featuredmedia":[{"embeddable":true,"href":"https:\/\/gerardoduque.com.mx\/index.php?rest_route=\/wp\/v2\/media\/26931"}],"wp:attachment":[{"href":"https:\/\/gerardoduque.com.mx\/index.php?rest_route=%2Fwp%2Fv2%2Fmedia&parent=26930"}],"wp:term":[{"taxonomy":"category","embeddable":true,"href":"https:\/\/gerardoduque.com.mx\/index.php?rest_route=%2Fwp%2Fv2%2Fcategories&post=26930"},{"taxonomy":"post_tag","embeddable":true,"href":"https:\/\/gerardoduque.com.mx\/index.php?rest_route=%2Fwp%2Fv2%2Ftags&post=26930"}],"curies":[{"name":"wp","href":"https:\/\/api.w.org\/{rel}","templated":true}]}}