{"id":26870,"date":"2024-05-17T17:47:10","date_gmt":"2024-05-17T23:47:10","guid":{"rendered":"https:\/\/gerardoduque.com.mx\/?p=26870"},"modified":"2024-05-17T17:51:34","modified_gmt":"2024-05-17T23:51:34","slug":"secuelas-para-la-salud-a-causa-de-historicos-calores-en-valles","status":"publish","type":"post","link":"https:\/\/gerardoduque.com.mx\/?p=26870","title":{"rendered":"SECUELAS PARA LA SALUD A CAUSA DE HIST\u00d3RICOS CALORES EN VALLES"},"content":{"rendered":"\n<p>La semana pasada don El\u00edas Covarrubias sufri\u00f3 un golpe de calor mientras trabajaba en su negocio de comida en el municipio huasteco de Tanqui\u00e1n, y fue trasladado de urgencia al Hospital General de Ciudad Valles que se encuentra a sesenta kil\u00f3metros de distancia.<\/p>\n\n\n\n<p>Tras cinco d\u00edas hospitalizado, el hombre de sesentais\u00e9is a\u00f1os de edad fue dado de alta, pero su concu\u00f1o Jes\u00fas -de cincuentaisiete a\u00f1os- a\u00fan permanece intubado en terapia intensiva, pues tambi\u00e9n fue v\u00edctima de las altas temperaturas.<\/p>\n\n\n\n<p>Sostuvimos un encuentro con don El\u00edas dentro de un peque\u00f1o alojamiento con aire acondicionado que sus sobrinas rentaron en el fraccionamiento El Gavil\u00e1n, en Ciudad Valles. Mientras \u00e9l convalece, sus familiares prefieren mantenerlo cerca del hospital.<\/p>\n\n\n\n<p>Le preguntamos a don El\u00edas: \u00bfqu\u00e9 han sido estos cinco d\u00edas para usted? Sentado en la parte baja de una litera, el hombre hizo un esfuerzo por responder. Mordi\u00e9ndose ligeramente los labios intent\u00f3 evitar las l\u00e1grimas que comenzaban a llenar sus ojos. Finalmente, s\u00f3lo tosi\u00f3 y pudo balbucear unas cuantas palabras.<\/p>\n\n\n\n<p>Wendy Ortiz viaj\u00f3 desde la capital potosina para atender personalmente a su t\u00edo -don El\u00edas-, quien enviud\u00f3 a\u00f1os atr\u00e1s.<\/p>\n\n\n\n<p><strong><em>\u201c\u00c9l estaba acostumbrado a andar en estas altas temperaturas, pero definitivamente esta fue totalmente diferente, porque nosotros nos sorprendimos mucho cuando recibimos la llamada que dos familiares est\u00e1n delicados y graves en el hospital por golpes de calor, nosotros dijimos, \u00bfc\u00f3mo?, \u00bfo sea, los dos?&#8230; se nos hizo algo incre\u00edble\u2026\u201d<\/em><\/strong>, platic\u00f3 Wendy.<\/p>\n\n\n\n<p>Tambi\u00e9n nos trasladamos a varias comunidades ind\u00edgenas T\u00e9nek ubicadas en la zona rural de Ciudad Valles.<\/p>\n\n\n\n<p>Don Epifanio es el proveedor de su casa. Vive junto a su esposa y seis de sus nietas en el ejido \u201cLa Subida\u201d. A sus ochenta a\u00f1os de edad todos los d\u00edas abordaba una camioneta de transporte colectivo para desplazarse durante cincuenta minutos al centro del municipio. All\u00ed vend\u00eda semillas y cacahuates, pero la semana pasada present\u00f3 un cuadro de agotamiento por calor.<\/p>\n\n\n\n<p><strong><em>\u201cNo pod\u00eda aguantar mucho porque el calor muy fuerte, muy fuerte, no te echo la mentira\u2026 sent\u00ed que voy a vomitar y me doli\u00f3 mi cabeza, todo, el hueso, me doli\u00f3\u2026 mejor descans\u00e9 y ya no fui\u2026 agua con lim\u00f3n, eso es lo que tom\u00e9.\u201d<\/em><\/strong>, narr\u00f3 don Epifanio, quien normalmente se expresa en idioma huasteco.<\/p>\n\n\n\n<p>Platicamos con uno de los ocho hijos que tiene don Epifanio. Esteban se dedica a vender fruta de temporada en la v\u00eda p\u00fablica, donde tambi\u00e9n se deshidrat\u00f3 y comenz\u00f3 a sentir temblores.<\/p>\n\n\n\n<p><strong><em>\u201cComo dijo el doctor que me quedara en casa porque la presi\u00f3n se me est\u00e1 afectando mucho\u2026 dice qu\u00e9date en casa porque te puede dar un infarto\u2026 ya no tengo frijoles, Maseca, toda la despensa ya no tengo\u2026\u201d<\/em><\/strong><\/p>\n\n\n\n<p>Esta temporada de calor la temperatura m\u00e1s alta en la entidad potosina ha sido de 51 grados cent\u00edgrados, en Ciudad Valles. Sin embargo, factores como la humedad hacen que la sensaci\u00f3n t\u00e9rmica sea hasta de 56 grados.<\/p>\n\n\n\n<p>Algunas de las afectaciones a la salud asociadas a las altas temperaturas son: Dolor palpitante de cabeza, frecuencia cardiaca acelerada y alteraci\u00f3n del estado mental. Los s\u00edntomas pueden tener consecuencias fatales, como secuelas neurol\u00f3gicas permanentes, enfermedades cardiacas y\/o renales.<\/p>\n\n\n\n<p><strong><em>\u201cEstar muy al pendiente de los s\u00edntomas de insolaci\u00f3n o s\u00edntomas de agotamiento por calor, inmediatamente tienes que ir al hospital\u2026 finalmente progresan hacia falla respiratoria, cardiaca, y la muerte de una persona, si no recibe atenci\u00f3n inmediata\u201d,<\/em><\/strong> explic\u00f3 el doctor Armando Galv\u00e1n Silva, especialista en Medicina Interna, quien atiende su consultorio particular en el centro de ciudad Valles.<\/p>\n\n\n\n<figure class=\"wp-block-image size-large\"><img decoding=\"async\" width=\"1024\" height=\"567\" src=\"https:\/\/gerardoduque.com.mx\/wp-content\/uploads\/2024\/05\/zt-1024x567.jpg\" alt=\"\" class=\"wp-image-26874\" srcset=\"https:\/\/gerardoduque.com.mx\/wp-content\/uploads\/2024\/05\/zt-980x543.jpg 980w, https:\/\/gerardoduque.com.mx\/wp-content\/uploads\/2024\/05\/zt-480x266.jpg 480w\" sizes=\"(min-width: 0px) and (max-width: 480px) 480px, (min-width: 481px) and (max-width: 980px) 980px, (min-width: 981px) 1024px, 100vw\" \/><\/figure>\n\n\n\n<figure class=\"wp-block-gallery has-nested-images columns-default is-cropped wp-block-gallery-1 is-layout-flex wp-block-gallery-is-layout-flex\">\n<figure class=\"wp-block-image size-large\"><img decoding=\"async\" width=\"1024\" height=\"591\" data-id=\"26872\" src=\"https:\/\/gerardoduque.com.mx\/wp-content\/uploads\/2024\/05\/ec23017c-2b34-41a6-b8ad-363ed7248c7e-1024x591.jpeg\" alt=\"\" class=\"wp-image-26872\" srcset=\"https:\/\/gerardoduque.com.mx\/wp-content\/uploads\/2024\/05\/ec23017c-2b34-41a6-b8ad-363ed7248c7e-1024x591.jpeg 1024w, https:\/\/gerardoduque.com.mx\/wp-content\/uploads\/2024\/05\/ec23017c-2b34-41a6-b8ad-363ed7248c7e-980x566.jpeg 980w, https:\/\/gerardoduque.com.mx\/wp-content\/uploads\/2024\/05\/ec23017c-2b34-41a6-b8ad-363ed7248c7e-480x277.jpeg 480w\" sizes=\"(min-width: 0px) and (max-width: 480px) 480px, (min-width: 481px) and (max-width: 980px) 980px, (min-width: 981px) 1024px, 100vw\" \/><\/figure>\n<\/figure>\n","protected":false},"excerpt":{"rendered":"<p>De no ser atendidos a tiempo, puede sobrevenir la muerte <\/p>\n","protected":false},"author":4,"featured_media":26878,"comment_status":"closed","ping_status":"closed","sticky":false,"template":"","format":"standard","meta":{"_et_pb_use_builder":"off","_et_pb_old_content":"","_et_gb_content_width":"","footnotes":""},"categories":[412,62],"tags":[],"class_list":["post-26870","post","type-post","status-publish","format-standard","has-post-thumbnail","hentry","category-destacado","category-redaccion"],"_links":{"self":[{"href":"https:\/\/gerardoduque.com.mx\/index.php?rest_route=\/wp\/v2\/posts\/26870","targetHints":{"allow":["GET"]}}],"collection":[{"href":"https:\/\/gerardoduque.com.mx\/index.php?rest_route=\/wp\/v2\/posts"}],"about":[{"href":"https:\/\/gerardoduque.com.mx\/index.php?rest_route=\/wp\/v2\/types\/post"}],"author":[{"embeddable":true,"href":"https:\/\/gerardoduque.com.mx\/index.php?rest_route=\/wp\/v2\/users\/4"}],"replies":[{"embeddable":true,"href":"https:\/\/gerardoduque.com.mx\/index.php?rest_route=%2Fwp%2Fv2%2Fcomments&post=26870"}],"version-history":[{"count":0,"href":"https:\/\/gerardoduque.com.mx\/index.php?rest_route=\/wp\/v2\/posts\/26870\/revisions"}],"wp:featuredmedia":[{"embeddable":true,"href":"https:\/\/gerardoduque.com.mx\/index.php?rest_route=\/wp\/v2\/media\/26878"}],"wp:attachment":[{"href":"https:\/\/gerardoduque.com.mx\/index.php?rest_route=%2Fwp%2Fv2%2Fmedia&parent=26870"}],"wp:term":[{"taxonomy":"category","embeddable":true,"href":"https:\/\/gerardoduque.com.mx\/index.php?rest_route=%2Fwp%2Fv2%2Fcategories&post=26870"},{"taxonomy":"post_tag","embeddable":true,"href":"https:\/\/gerardoduque.com.mx\/index.php?rest_route=%2Fwp%2Fv2%2Ftags&post=26870"}],"curies":[{"name":"wp","href":"https:\/\/api.w.org\/{rel}","templated":true}]}}