{"id":26825,"date":"2024-05-15T12:16:41","date_gmt":"2024-05-15T18:16:41","guid":{"rendered":"https:\/\/gerardoduque.com.mx\/?p=26825"},"modified":"2024-05-15T12:16:44","modified_gmt":"2024-05-15T18:16:44","slug":"avioneta-aterriza-de-emergencia-en-ciudad-fernandez","status":"publish","type":"post","link":"https:\/\/gerardoduque.com.mx\/?p=26825","title":{"rendered":"AVIONETA ATERRIZA DE EMERGENCIA EN CIUDAD FERN\u00c1NDEZ"},"content":{"rendered":"\n<p>Luego de apagarse pr\u00e1cticamente en el aire, el piloto de una avioneta se vi\u00f3 obligado a aterrizar de manera forzosa a un costado de la super carretera estatal No.75, cerca de la base de la Guardia Nacional y del sitio conocido como Rancho Alegre, a inmediaciones del poblado de Puestecitos, Ciudad Fern\u00e1ndez.<\/p>\n\n\n\n<p>Los <a><\/a>hechos se registraron apenas hace algunos momentos; el reporte inicial fue sobre \u201cel desplome de una aeronave\u201d.<\/p>\n\n\n\n<p>Seg\u00fan testigos, vieron la avioneta con matr\u00edcula XBHFK sobrevolar a baja altura, con la h\u00e9lice apagada.<\/p>\n\n\n\n<p>En la misma se transportaba \u00fanicamente el piloto, el cual result\u00f3 ileso, no registrando la nave mayores da\u00f1os.<\/p>\n\n\n\n<p>El reporte propici\u00f3 una movilizaci\u00f3n policiaca intensa hacie el sector citado.<\/p>\n","protected":false},"excerpt":{"rendered":"<p>En la unidad se transportaba \u00fanicamente el piloto, el cual result\u00f3 ileso, no registrando la nave mayores da\u00f1os.<\/p>\n","protected":false},"author":4,"featured_media":26826,"comment_status":"closed","ping_status":"closed","sticky":false,"template":"","format":"standard","meta":{"_et_pb_use_builder":"off","_et_pb_old_content":"","_et_gb_content_width":"","footnotes":""},"categories":[412,280],"tags":[66],"class_list":["post-26825","post","type-post","status-publish","format-standard","has-post-thumbnail","hentry","category-destacado","category-gob-slp","tag-san-luis-potosi"],"_links":{"self":[{"href":"https:\/\/gerardoduque.com.mx\/index.php?rest_route=\/wp\/v2\/posts\/26825","targetHints":{"allow":["GET"]}}],"collection":[{"href":"https:\/\/gerardoduque.com.mx\/index.php?rest_route=\/wp\/v2\/posts"}],"about":[{"href":"https:\/\/gerardoduque.com.mx\/index.php?rest_route=\/wp\/v2\/types\/post"}],"author":[{"embeddable":true,"href":"https:\/\/gerardoduque.com.mx\/index.php?rest_route=\/wp\/v2\/users\/4"}],"replies":[{"embeddable":true,"href":"https:\/\/gerardoduque.com.mx\/index.php?rest_route=%2Fwp%2Fv2%2Fcomments&post=26825"}],"version-history":[{"count":0,"href":"https:\/\/gerardoduque.com.mx\/index.php?rest_route=\/wp\/v2\/posts\/26825\/revisions"}],"wp:featuredmedia":[{"embeddable":true,"href":"https:\/\/gerardoduque.com.mx\/index.php?rest_route=\/wp\/v2\/media\/26826"}],"wp:attachment":[{"href":"https:\/\/gerardoduque.com.mx\/index.php?rest_route=%2Fwp%2Fv2%2Fmedia&parent=26825"}],"wp:term":[{"taxonomy":"category","embeddable":true,"href":"https:\/\/gerardoduque.com.mx\/index.php?rest_route=%2Fwp%2Fv2%2Fcategories&post=26825"},{"taxonomy":"post_tag","embeddable":true,"href":"https:\/\/gerardoduque.com.mx\/index.php?rest_route=%2Fwp%2Fv2%2Ftags&post=26825"}],"curies":[{"name":"wp","href":"https:\/\/api.w.org\/{rel}","templated":true}]}}